{"id":40196,"date":"2018-09-28T13:26:57","date_gmt":"2018-09-28T13:26:57","guid":{"rendered":"http:\/\/www.polifoniaperiferica.com.br\/?p=40196"},"modified":"2018-09-28T13:26:57","modified_gmt":"2018-09-28T13:26:57","slug":"kodak-black-lanca-if-im-lyin-im-flyin-primeiro-single-pos-prisao","status":"publish","type":"post","link":"https:\/\/www.polifoniaperiferica.com.br\/?p=40196","title":{"rendered":"Kodak Black lan\u00e7a \u2018If Im Lyin Im Flyin\u2019, primeiro single p\u00f3s-pris\u00e3o"},"content":{"rendered":"<p style=\"text-align: justify;\"><span style=\"color: #000000;\">Depois de se unir a <strong>Gucci Mane<\/strong> e <strong>Bruno Mars<\/strong> em<\/span> \u201c<strong><a href=\"https:\/\/youtu.be\/bS1Nf0syICc\">Wake Up In The Sky<\/a><\/strong>\u201d <span style=\"color: #000000;\">no in\u00edcio deste m\u00eas, <strong>Kodak Black<\/strong> decidiu retornar \u00e0 cena hoje (27) e compartilhar seu primeiro lan\u00e7amento solo desde que saiu da pris\u00e3o chamado \u201c<strong>If I&#8217;m Lyin, I I&#8217;m a Flyin<\/strong>&#8220;A faixa \u00e9, presumivelmente, o primeiro single de seu pr\u00f3ximo \u00e1lbum, que sabemos j\u00e1 est\u00e1 em obras e no caminho.<\/span><\/p>\n<p style=\"text-align: justify;\"><span style=\"color: #000000;\">Quanto ao registro em si, Kodak descobriu que a vida nas ruas e a sarjeta s\u00e3o um batedor, ao mesmo tempo em que faz refer\u00eancia \u00e0 vida na pris\u00e3o. &#8220;Eu n\u00e3o posso deixar esses negos me derrubarem do meu pimpin &#8216;\/Deus me sentou e falou comigo Eu escutei \/ eu estava naquela cela tamb\u00e9m, mas eles n\u00e3o entendem isso se eu n\u00e3o fizer isso no estande Eu vou fazer isso na cozinha \/Eu sou especial com o microfone, eu sou especial com o whippin &#8216;ele cospe.<\/span><\/p>\n<p><iframe loading=\"lazy\" src=\"\/\/www.youtube.com\/embed\/zcWqllTtns4\" width=\"560\" height=\"314\" allowfullscreen=\"allowfullscreen\"><\/iframe><\/p>\n","protected":false},"excerpt":{"rendered":"<p>Depois de se unir a Gucci Mane e Bruno Mars em \u201cWake Up In The<\/p>\n","protected":false},"author":2,"featured_media":40194,"comment_status":"open","ping_status":"open","sticky":false,"template":"","format":"standard","meta":{"_monsterinsights_skip_tracking":false,"ngg_post_thumbnail":0,"footnotes":""},"categories":[736],"tags":[],"class_list":["post-40196","post","type-post","status-publish","format-standard","has-post-thumbnail","hentry","category-no-mundo"],"yoast_head":"<!-- This site is optimized with the Yoast SEO plugin v28.3 - https:\/\/yoast.com\/product\/yoast-seo-wordpress\/ -->\n<title>Kodak Black lan\u00e7a \u2018If Im Lyin Im Flyin\u2019, primeiro single p\u00f3s-pris\u00e3o - Polifonia Perif\u00e9rica<\/title>\n<meta name=\"robots\" content=\"index, follow, max-snippet:-1, max-image-preview:large, max-video-preview:-1\" \/>\n<link rel=\"canonical\" href=\"https:\/\/www.polifoniaperiferica.com.br\/?p=40196\" \/>\n<meta property=\"og:locale\" content=\"pt_BR\" \/>\n<meta property=\"og:type\" content=\"article\" \/>\n<meta property=\"og:title\" content=\"Kodak Black lan\u00e7a \u2018If Im Lyin Im Flyin\u2019, primeiro single p\u00f3s-pris\u00e3o - Polifonia Perif\u00e9rica\" \/>\n<meta property=\"og:description\" content=\"Depois de se unir a Gucci Mane e Bruno Mars em \u201cWake Up In The\" \/>\n<meta property=\"og:url\" content=\"https:\/\/www.polifoniaperiferica.com.br\/?p=40196\" \/>\n<meta property=\"og:site_name\" content=\"Polifonia Perif\u00e9rica\" \/>\n<meta property=\"article:publisher\" content=\"https:\/\/www.facebook.com\/sitePolifoniaPeriferica\/\" \/>\n<meta property=\"article:published_time\" content=\"2018-09-28T13:26:57+00:00\" \/>\n<meta property=\"og:image\" content=\"https:\/\/polifoniaperiferica.com.br\/wp-content\/uploads\/2018\/09\/Kodak-Black-if-im-lyin-im-flyin.jpg\" \/>\n\t<meta property=\"og:image:width\" content=\"680\" \/>\n\t<meta property=\"og:image:height\" content=\"382\" \/>\n\t<meta property=\"og:image:type\" content=\"image\/jpeg\" \/>\n<meta name=\"author\" content=\"Rociclei\" \/>\n<meta name=\"twitter:card\" content=\"summary_large_image\" \/>\n<meta name=\"twitter:creator\" content=\"@PolifoniaP\" \/>\n<meta name=\"twitter:site\" content=\"@PolifoniaP\" \/>\n<meta name=\"twitter:label1\" content=\"Escrito por\" \/>\n\t<meta name=\"twitter:data1\" content=\"Rociclei\" \/>\n\t<meta name=\"twitter:label2\" content=\"Est. tempo de leitura\" \/>\n\t<meta name=\"twitter:data2\" content=\"1 minuto\" \/>\n<script type=\"application\/ld+json\" class=\"yoast-schema-graph\">{\"@context\":\"https:\\\/\\\/schema.org\",\"@graph\":[{\"@type\":\"Article\",\"@id\":\"https:\\\/\\\/www.polifoniaperiferica.com.br\\\/?p=40196#article\",\"isPartOf\":{\"@id\":\"https:\\\/\\\/www.polifoniaperiferica.com.br\\\/?p=40196\"},\"author\":{\"name\":\"Rociclei\",\"@id\":\"https:\\\/\\\/www.polifoniaperiferica.com.br\\\/#\\\/schema\\\/person\\\/d0f20895493aadce1517b426a22855dc\"},\"headline\":\"Kodak Black lan\u00e7a \u2018If Im Lyin Im Flyin\u2019, primeiro single p\u00f3s-pris\u00e3o\",\"datePublished\":\"2018-09-28T13:26:57+00:00\",\"mainEntityOfPage\":{\"@id\":\"https:\\\/\\\/www.polifoniaperiferica.com.br\\\/?p=40196\"},\"wordCount\":176,\"commentCount\":0,\"publisher\":{\"@id\":\"https:\\\/\\\/www.polifoniaperiferica.com.br\\\/#organization\"},\"image\":{\"@id\":\"https:\\\/\\\/www.polifoniaperiferica.com.br\\\/?p=40196#primaryimage\"},\"thumbnailUrl\":\"https:\\\/\\\/polifoniaperiferica.com.br\\\/wp-content\\\/uploads\\\/2018\\\/09\\\/Kodak-Black-if-im-lyin-im-flyin.jpg\",\"articleSection\":[\"Internacional\"],\"inLanguage\":\"pt-BR\",\"potentialAction\":[{\"@type\":\"CommentAction\",\"name\":\"Comment\",\"target\":[\"https:\\\/\\\/www.polifoniaperiferica.com.br\\\/?p=40196#respond\"]}]},{\"@type\":\"WebPage\",\"@id\":\"https:\\\/\\\/www.polifoniaperiferica.com.br\\\/?p=40196\",\"url\":\"https:\\\/\\\/www.polifoniaperiferica.com.br\\\/?p=40196\",\"name\":\"Kodak Black lan\u00e7a \u2018If Im Lyin Im Flyin\u2019, primeiro single p\u00f3s-pris\u00e3o - Polifonia Perif\u00e9rica\",\"isPartOf\":{\"@id\":\"https:\\\/\\\/www.polifoniaperiferica.com.br\\\/#website\"},\"primaryImageOfPage\":{\"@id\":\"https:\\\/\\\/www.polifoniaperiferica.com.br\\\/?p=40196#primaryimage\"},\"image\":{\"@id\":\"https:\\\/\\\/www.polifoniaperiferica.com.br\\\/?p=40196#primaryimage\"},\"thumbnailUrl\":\"https:\\\/\\\/polifoniaperiferica.com.br\\\/wp-content\\\/uploads\\\/2018\\\/09\\\/Kodak-Black-if-im-lyin-im-flyin.jpg\",\"datePublished\":\"2018-09-28T13:26:57+00:00\",\"breadcrumb\":{\"@id\":\"https:\\\/\\\/www.polifoniaperiferica.com.br\\\/?p=40196#breadcrumb\"},\"inLanguage\":\"pt-BR\",\"potentialAction\":[{\"@type\":\"ReadAction\",\"target\":[\"https:\\\/\\\/www.polifoniaperiferica.com.br\\\/?p=40196\"]}]},{\"@type\":\"ImageObject\",\"inLanguage\":\"pt-BR\",\"@id\":\"https:\\\/\\\/www.polifoniaperiferica.com.br\\\/?p=40196#primaryimage\",\"url\":\"https:\\\/\\\/polifoniaperiferica.com.br\\\/wp-content\\\/uploads\\\/2018\\\/09\\\/Kodak-Black-if-im-lyin-im-flyin.jpg\",\"contentUrl\":\"https:\\\/\\\/polifoniaperiferica.com.br\\\/wp-content\\\/uploads\\\/2018\\\/09\\\/Kodak-Black-if-im-lyin-im-flyin.jpg\",\"width\":680,\"height\":382},{\"@type\":\"BreadcrumbList\",\"@id\":\"https:\\\/\\\/www.polifoniaperiferica.com.br\\\/?p=40196#breadcrumb\",\"itemListElement\":[{\"@type\":\"ListItem\",\"position\":1,\"name\":\"In\u00edcio\",\"item\":\"https:\\\/\\\/www.polifoniaperiferica.com.br\\\/\"},{\"@type\":\"ListItem\",\"position\":2,\"name\":\"Kodak Black lan\u00e7a \u2018If Im Lyin Im Flyin\u2019, primeiro single p\u00f3s-pris\u00e3o\"}]},{\"@type\":\"WebSite\",\"@id\":\"https:\\\/\\\/www.polifoniaperiferica.com.br\\\/#website\",\"url\":\"https:\\\/\\\/www.polifoniaperiferica.com.br\\\/\",\"name\":\"Polifonia Perif\u00e9rica\",\"description\":\"Vozes que Ecoam, Artes que Transformam\",\"publisher\":{\"@id\":\"https:\\\/\\\/www.polifoniaperiferica.com.br\\\/#organization\"},\"potentialAction\":[{\"@type\":\"SearchAction\",\"target\":{\"@type\":\"EntryPoint\",\"urlTemplate\":\"https:\\\/\\\/www.polifoniaperiferica.com.br\\\/?s={search_term_string}\"},\"query-input\":{\"@type\":\"PropertyValueSpecification\",\"valueRequired\":true,\"valueName\":\"search_term_string\"}}],\"inLanguage\":\"pt-BR\"},{\"@type\":\"Organization\",\"@id\":\"https:\\\/\\\/www.polifoniaperiferica.com.br\\\/#organization\",\"name\":\"Polifonia Perif\u00e9rica\",\"url\":\"https:\\\/\\\/www.polifoniaperiferica.com.br\\\/\",\"logo\":{\"@type\":\"ImageObject\",\"inLanguage\":\"pt-BR\",\"@id\":\"https:\\\/\\\/www.polifoniaperiferica.com.br\\\/#\\\/schema\\\/logo\\\/image\\\/\",\"url\":\"https:\\\/\\\/polifoniaperiferica.com.br\\\/wp-content\\\/uploads\\\/2016\\\/06\\\/Polifonia-Periferica.jpg\",\"contentUrl\":\"https:\\\/\\\/polifoniaperiferica.com.br\\\/wp-content\\\/uploads\\\/2016\\\/06\\\/Polifonia-Periferica.jpg\",\"width\":855,\"height\":373,\"caption\":\"Polifonia Perif\u00e9rica\"},\"image\":{\"@id\":\"https:\\\/\\\/www.polifoniaperiferica.com.br\\\/#\\\/schema\\\/logo\\\/image\\\/\"},\"sameAs\":[\"https:\\\/\\\/www.facebook.com\\\/sitePolifoniaPeriferica\\\/\",\"https:\\\/\\\/x.com\\\/PolifoniaP\",\"https:\\\/\\\/www.instagram.com\\\/polifoniaperiferica\"]},{\"@type\":\"Person\",\"@id\":\"https:\\\/\\\/www.polifoniaperiferica.com.br\\\/#\\\/schema\\\/person\\\/d0f20895493aadce1517b426a22855dc\",\"name\":\"Rociclei\",\"image\":{\"@type\":\"ImageObject\",\"inLanguage\":\"pt-BR\",\"@id\":\"https:\\\/\\\/secure.gravatar.com\\\/avatar\\\/9f529ac0e773653834d07ab3cab421a15d7da91260b339788dbfd0203323ec33?s=96&d=mm&r=g\",\"url\":\"https:\\\/\\\/secure.gravatar.com\\\/avatar\\\/9f529ac0e773653834d07ab3cab421a15d7da91260b339788dbfd0203323ec33?s=96&d=mm&r=g\",\"contentUrl\":\"https:\\\/\\\/secure.gravatar.com\\\/avatar\\\/9f529ac0e773653834d07ab3cab421a15d7da91260b339788dbfd0203323ec33?s=96&d=mm&r=g\",\"caption\":\"Rociclei\"},\"sameAs\":[\"http:\\\/\\\/www.polifoniaperiferica.com.br\"],\"url\":\"https:\\\/\\\/www.polifoniaperiferica.com.br\\\/?author=2\"}]}<\/script>\n<!-- \/ Yoast SEO plugin. -->","yoast_head_json":{"title":"Kodak Black lan\u00e7a \u2018If Im Lyin Im Flyin\u2019, primeiro single p\u00f3s-pris\u00e3o - Polifonia Perif\u00e9rica","robots":{"index":"index","follow":"follow","max-snippet":"max-snippet:-1","max-image-preview":"max-image-preview:large","max-video-preview":"max-video-preview:-1"},"canonical":"https:\/\/www.polifoniaperiferica.com.br\/?p=40196","og_locale":"pt_BR","og_type":"article","og_title":"Kodak Black lan\u00e7a \u2018If Im Lyin Im Flyin\u2019, primeiro single p\u00f3s-pris\u00e3o - Polifonia Perif\u00e9rica","og_description":"Depois de se unir a Gucci Mane e Bruno Mars em \u201cWake Up In The","og_url":"https:\/\/www.polifoniaperiferica.com.br\/?p=40196","og_site_name":"Polifonia Perif\u00e9rica","article_publisher":"https:\/\/www.facebook.com\/sitePolifoniaPeriferica\/","article_published_time":"2018-09-28T13:26:57+00:00","og_image":[{"width":680,"height":382,"url":"https:\/\/polifoniaperiferica.com.br\/wp-content\/uploads\/2018\/09\/Kodak-Black-if-im-lyin-im-flyin.jpg","type":"image\/jpeg"}],"author":"Rociclei","twitter_card":"summary_large_image","twitter_creator":"@PolifoniaP","twitter_site":"@PolifoniaP","twitter_misc":{"Escrito por":"Rociclei","Est. tempo de leitura":"1 minuto"},"schema":{"@context":"https:\/\/schema.org","@graph":[{"@type":"Article","@id":"https:\/\/www.polifoniaperiferica.com.br\/?p=40196#article","isPartOf":{"@id":"https:\/\/www.polifoniaperiferica.com.br\/?p=40196"},"author":{"name":"Rociclei","@id":"https:\/\/www.polifoniaperiferica.com.br\/#\/schema\/person\/d0f20895493aadce1517b426a22855dc"},"headline":"Kodak Black lan\u00e7a \u2018If Im Lyin Im Flyin\u2019, primeiro single p\u00f3s-pris\u00e3o","datePublished":"2018-09-28T13:26:57+00:00","mainEntityOfPage":{"@id":"https:\/\/www.polifoniaperiferica.com.br\/?p=40196"},"wordCount":176,"commentCount":0,"publisher":{"@id":"https:\/\/www.polifoniaperiferica.com.br\/#organization"},"image":{"@id":"https:\/\/www.polifoniaperiferica.com.br\/?p=40196#primaryimage"},"thumbnailUrl":"https:\/\/polifoniaperiferica.com.br\/wp-content\/uploads\/2018\/09\/Kodak-Black-if-im-lyin-im-flyin.jpg","articleSection":["Internacional"],"inLanguage":"pt-BR","potentialAction":[{"@type":"CommentAction","name":"Comment","target":["https:\/\/www.polifoniaperiferica.com.br\/?p=40196#respond"]}]},{"@type":"WebPage","@id":"https:\/\/www.polifoniaperiferica.com.br\/?p=40196","url":"https:\/\/www.polifoniaperiferica.com.br\/?p=40196","name":"Kodak Black lan\u00e7a \u2018If Im Lyin Im Flyin\u2019, primeiro single p\u00f3s-pris\u00e3o - Polifonia Perif\u00e9rica","isPartOf":{"@id":"https:\/\/www.polifoniaperiferica.com.br\/#website"},"primaryImageOfPage":{"@id":"https:\/\/www.polifoniaperiferica.com.br\/?p=40196#primaryimage"},"image":{"@id":"https:\/\/www.polifoniaperiferica.com.br\/?p=40196#primaryimage"},"thumbnailUrl":"https:\/\/polifoniaperiferica.com.br\/wp-content\/uploads\/2018\/09\/Kodak-Black-if-im-lyin-im-flyin.jpg","datePublished":"2018-09-28T13:26:57+00:00","breadcrumb":{"@id":"https:\/\/www.polifoniaperiferica.com.br\/?p=40196#breadcrumb"},"inLanguage":"pt-BR","potentialAction":[{"@type":"ReadAction","target":["https:\/\/www.polifoniaperiferica.com.br\/?p=40196"]}]},{"@type":"ImageObject","inLanguage":"pt-BR","@id":"https:\/\/www.polifoniaperiferica.com.br\/?p=40196#primaryimage","url":"https:\/\/polifoniaperiferica.com.br\/wp-content\/uploads\/2018\/09\/Kodak-Black-if-im-lyin-im-flyin.jpg","contentUrl":"https:\/\/polifoniaperiferica.com.br\/wp-content\/uploads\/2018\/09\/Kodak-Black-if-im-lyin-im-flyin.jpg","width":680,"height":382},{"@type":"BreadcrumbList","@id":"https:\/\/www.polifoniaperiferica.com.br\/?p=40196#breadcrumb","itemListElement":[{"@type":"ListItem","position":1,"name":"In\u00edcio","item":"https:\/\/www.polifoniaperiferica.com.br\/"},{"@type":"ListItem","position":2,"name":"Kodak Black lan\u00e7a \u2018If Im Lyin Im Flyin\u2019, primeiro single p\u00f3s-pris\u00e3o"}]},{"@type":"WebSite","@id":"https:\/\/www.polifoniaperiferica.com.br\/#website","url":"https:\/\/www.polifoniaperiferica.com.br\/","name":"Polifonia Perif\u00e9rica","description":"Vozes que Ecoam, Artes que Transformam","publisher":{"@id":"https:\/\/www.polifoniaperiferica.com.br\/#organization"},"potentialAction":[{"@type":"SearchAction","target":{"@type":"EntryPoint","urlTemplate":"https:\/\/www.polifoniaperiferica.com.br\/?s={search_term_string}"},"query-input":{"@type":"PropertyValueSpecification","valueRequired":true,"valueName":"search_term_string"}}],"inLanguage":"pt-BR"},{"@type":"Organization","@id":"https:\/\/www.polifoniaperiferica.com.br\/#organization","name":"Polifonia Perif\u00e9rica","url":"https:\/\/www.polifoniaperiferica.com.br\/","logo":{"@type":"ImageObject","inLanguage":"pt-BR","@id":"https:\/\/www.polifoniaperiferica.com.br\/#\/schema\/logo\/image\/","url":"https:\/\/polifoniaperiferica.com.br\/wp-content\/uploads\/2016\/06\/Polifonia-Periferica.jpg","contentUrl":"https:\/\/polifoniaperiferica.com.br\/wp-content\/uploads\/2016\/06\/Polifonia-Periferica.jpg","width":855,"height":373,"caption":"Polifonia Perif\u00e9rica"},"image":{"@id":"https:\/\/www.polifoniaperiferica.com.br\/#\/schema\/logo\/image\/"},"sameAs":["https:\/\/www.facebook.com\/sitePolifoniaPeriferica\/","https:\/\/x.com\/PolifoniaP","https:\/\/www.instagram.com\/polifoniaperiferica"]},{"@type":"Person","@id":"https:\/\/www.polifoniaperiferica.com.br\/#\/schema\/person\/d0f20895493aadce1517b426a22855dc","name":"Rociclei","image":{"@type":"ImageObject","inLanguage":"pt-BR","@id":"https:\/\/secure.gravatar.com\/avatar\/9f529ac0e773653834d07ab3cab421a15d7da91260b339788dbfd0203323ec33?s=96&d=mm&r=g","url":"https:\/\/secure.gravatar.com\/avatar\/9f529ac0e773653834d07ab3cab421a15d7da91260b339788dbfd0203323ec33?s=96&d=mm&r=g","contentUrl":"https:\/\/secure.gravatar.com\/avatar\/9f529ac0e773653834d07ab3cab421a15d7da91260b339788dbfd0203323ec33?s=96&d=mm&r=g","caption":"Rociclei"},"sameAs":["http:\/\/www.polifoniaperiferica.com.br"],"url":"https:\/\/www.polifoniaperiferica.com.br\/?author=2"}]}},"_links":{"self":[{"href":"https:\/\/www.polifoniaperiferica.com.br\/index.php?rest_route=\/wp\/v2\/posts\/40196","targetHints":{"allow":["GET"]}}],"collection":[{"href":"https:\/\/www.polifoniaperiferica.com.br\/index.php?rest_route=\/wp\/v2\/posts"}],"about":[{"href":"https:\/\/www.polifoniaperiferica.com.br\/index.php?rest_route=\/wp\/v2\/types\/post"}],"author":[{"embeddable":true,"href":"https:\/\/www.polifoniaperiferica.com.br\/index.php?rest_route=\/wp\/v2\/users\/2"}],"replies":[{"embeddable":true,"href":"https:\/\/www.polifoniaperiferica.com.br\/index.php?rest_route=%2Fwp%2Fv2%2Fcomments&post=40196"}],"version-history":[{"count":1,"href":"https:\/\/www.polifoniaperiferica.com.br\/index.php?rest_route=\/wp\/v2\/posts\/40196\/revisions"}],"predecessor-version":[{"id":40198,"href":"https:\/\/www.polifoniaperiferica.com.br\/index.php?rest_route=\/wp\/v2\/posts\/40196\/revisions\/40198"}],"wp:featuredmedia":[{"embeddable":true,"href":"https:\/\/www.polifoniaperiferica.com.br\/index.php?rest_route=\/wp\/v2\/media\/40194"}],"wp:attachment":[{"href":"https:\/\/www.polifoniaperiferica.com.br\/index.php?rest_route=%2Fwp%2Fv2%2Fmedia&parent=40196"}],"wp:term":[{"taxonomy":"category","embeddable":true,"href":"https:\/\/www.polifoniaperiferica.com.br\/index.php?rest_route=%2Fwp%2Fv2%2Fcategories&post=40196"},{"taxonomy":"post_tag","embeddable":true,"href":"https:\/\/www.polifoniaperiferica.com.br\/index.php?rest_route=%2Fwp%2Fv2%2Ftags&post=40196"}],"curies":[{"name":"wp","href":"https:\/\/api.w.org\/{rel}","templated":true}]}}