{"id":37028,"date":"2018-04-13T18:02:27","date_gmt":"2018-04-13T18:02:27","guid":{"rendered":"http:\/\/www.polifoniaperiferica.com.br\/?p=37028"},"modified":"2018-04-13T18:02:27","modified_gmt":"2018-04-13T18:02:27","slug":"ghetto-zn-lanca-single-em-parceria-com-tiago-mac","status":"publish","type":"post","link":"https:\/\/www.polifoniaperiferica.com.br\/?p=37028","title":{"rendered":"Ghetto ZN lan\u00e7a single em parceria com Tiago Mac"},"content":{"rendered":"<p style=\"text-align: justify;\"><span style=\"font-weight: 400;\">O monstro da zona norte vem se preparando para lan\u00e7ar seu novo \u00e1lbum solo e tamb\u00e9m a mixtape da sua banca,<\/span><b> Fam\u00edlia Erva Doce<\/b><span style=\"font-weight: 400;\"> (<\/span><b>FED<\/b><span style=\"font-weight: 400;\">). Enquanto os trabalhos completos ainda n\u00e3o foram para a pista, <\/span><b>Ghetto<\/b><span style=\"font-weight: 400;\"> vem atacando com participa\u00e7\u00f5es e singles: o \u00faltimo, intitulado \u201c<\/span><b>O cara<\/b><span style=\"font-weight: 400;\">\u201d, foi lan\u00e7ado dia 12<\/span><span style=\"font-weight: 400;\">\/04 em parceria feita entre a <\/span><b>FED<\/b><span style=\"font-weight: 400;\">, <\/span><b>Tiago Mac<\/b><span style=\"font-weight: 400;\"> e a produtora <\/span><b>Mosca Produ\u00e7\u00f5es<\/b><span style=\"font-weight: 400;\">.<\/span><\/p>\n<p style=\"text-align: justify;\"><span style=\"font-weight: 400;\">O instrumental foi produzido por <\/span><b>Xaga (<\/b><b>@xagafed)<\/b><span style=\"font-weight: 400;\">, mc e beatmaker da <\/span><b>FED (<\/b><b>@ervadocestudio)<\/b><span style=\"font-weight: 400;\"> e a mixagem e masteriza\u00e7\u00e3o foi feita por <\/span><b>An\u00fabis<\/b><span style=\"font-weight: 400;\">, beatmaker e produtor, tamb\u00e9m da <\/span><b>FED<\/b><span style=\"font-weight: 400;\">. Diante disso, <\/span><b>Ghetto ZN (<\/b><b>@ghettozn)<\/b> <span style=\"font-weight: 400;\">deslizou no flow com um verso \u00e1cido recheado de cr\u00edticas e tira\u00e7\u00e3o de onda e <\/span><b>Tiago Mac (<\/b><b>@macvrl)<\/b><span style=\"font-weight: 400;\"> veio para contrapor e balancear a m\u00fasica com versos mais mel\u00f3dicos e um refr\u00e3o daqueles que gruda na mente.<\/span><span style=\"font-weight: 400;\"><br \/>\n<\/span> <span style=\"font-weight: 400;\">O clipe foi um investimento da produtora <\/span><b>Mosca<\/b><span style=\"font-weight: 400;\">, que vem crescendo muito no ano de 2018, esse foi o segundo lan\u00e7amento do coletivo na semana, confira tamb\u00e9m a s\u00e9rie <\/span><b>Zumbido<\/b><span style=\"font-weight: 400;\"> que foi ao ar na \u00faltima ter\u00e7a feira, dia 10. O grupo organiza eventos e faz diversos trabalhos no meio do cinema e da m\u00fasica. Confira as redes sociais dos envolvidos e contate para maiores informa\u00e7\u00f5es e servi\u00e7os o coletivo atrav\u00e9s de suas p\u00e1ginas oficiais no facebook e instagram<\/span><b> @moscaproducoes <\/b><span style=\"font-weight: 400;\">ou pelo e-mail <\/span><a href=\"mailto:producoesmosca@gmail.com\"><span style=\"font-weight: 400;\">producoesmosca@gmail.com<\/span><\/a><span style=\"font-weight: 400;\"> .<\/span><span style=\"font-weight: 400;\"><br \/>\n<\/span> <span style=\"font-weight: 400;\">O projeto tamb\u00e9m teve o apoio das marcas <\/span><b>Vandalism81<\/b><span style=\"font-weight: 400;\"> (<\/span><span style=\"font-weight: 400;\">@vandalism81)<\/span><span style=\"font-weight: 400;\"> e <\/span><b>Inbrazi<\/b><span style=\"font-weight: 400;\"> (<\/span><span style=\"font-weight: 400;\">@inbrazisupply) que forneceram o figurino para a produ\u00e7\u00e3o.<\/span><span style=\"font-weight: 400;\"><br \/>\n<\/span><span style=\"font-weight: 400;\"><br \/>\n<\/span> <span style=\"font-weight: 400;\">Obrigado pela sua presen\u00e7a no site, em breve voltaremos com mais novidades, lan\u00e7amentos e indica\u00e7\u00f5es.<\/span><\/p>\n<p style=\"text-align: justify;\"><span style=\"font-weight: 400;\">Gustavo Silveira, aka Caliban, Mosca Produ\u00e7\u00f5es, Polifonia Perif\u00e9rica.<\/span><\/p>\n<p><iframe loading=\"lazy\" title=\"Ghetto ZN part. Tiago Mac - O Cara (Prod. Xaga)\" width=\"640\" height=\"360\" src=\"https:\/\/www.youtube.com\/embed\/PxN-MOQK0fo?feature=oembed\" frameborder=\"0\" allow=\"accelerometer; autoplay; clipboard-write; encrypted-media; gyroscope; picture-in-picture; web-share\" referrerpolicy=\"strict-origin-when-cross-origin\" allowfullscreen><\/iframe><\/p>\n<p><span style=\"font-weight: 400;\"><br \/>\n<\/span><\/p>\n","protected":false},"excerpt":{"rendered":"<p>O monstro da zona norte vem se preparando para lan\u00e7ar seu novo \u00e1lbum solo e<\/p>\n","protected":false},"author":2,"featured_media":37030,"comment_status":"open","ping_status":"open","sticky":false,"template":"","format":"standard","meta":{"_monsterinsights_skip_tracking":false,"ngg_post_thumbnail":0,"footnotes":""},"categories":[1],"tags":[8594,8593,4018,5182,7921],"class_list":["post-37028","post","type-post","status-publish","format-standard","has-post-thumbnail","hentry","category-saindo-do-forno","tag-anubis","tag-familia-erva-doce-fed","tag-ghetto-zn","tag-tiago-mac","tag-xaga"],"yoast_head":"<!-- This site is optimized with the Yoast SEO plugin v28.3 - https:\/\/yoast.com\/product\/yoast-seo-wordpress\/ -->\n<title>Ghetto ZN lan\u00e7a single em parceria com Tiago Mac - Polifonia Perif\u00e9rica<\/title>\n<meta name=\"robots\" content=\"index, follow, max-snippet:-1, max-image-preview:large, max-video-preview:-1\" \/>\n<link rel=\"canonical\" href=\"https:\/\/www.polifoniaperiferica.com.br\/?p=37028\" \/>\n<meta property=\"og:locale\" content=\"pt_BR\" \/>\n<meta property=\"og:type\" content=\"article\" \/>\n<meta property=\"og:title\" content=\"Ghetto ZN lan\u00e7a single em parceria com Tiago Mac - Polifonia Perif\u00e9rica\" \/>\n<meta property=\"og:description\" content=\"O monstro da zona norte vem se preparando para lan\u00e7ar seu novo \u00e1lbum solo e\" \/>\n<meta property=\"og:url\" content=\"https:\/\/www.polifoniaperiferica.com.br\/?p=37028\" \/>\n<meta property=\"og:site_name\" content=\"Polifonia Perif\u00e9rica\" \/>\n<meta property=\"article:publisher\" content=\"https:\/\/www.facebook.com\/sitePolifoniaPeriferica\/\" \/>\n<meta property=\"article:published_time\" content=\"2018-04-13T18:02:27+00:00\" \/>\n<meta property=\"og:image\" content=\"https:\/\/polifoniaperiferica.com.br\/wp-content\/uploads\/2018\/04\/Ghetto-ZN-part.-Tiago-Mac-O-Cara.jpg\" \/>\n\t<meta property=\"og:image:width\" content=\"1280\" \/>\n\t<meta property=\"og:image:height\" content=\"720\" \/>\n\t<meta property=\"og:image:type\" content=\"image\/jpeg\" \/>\n<meta name=\"author\" content=\"Rociclei\" \/>\n<meta name=\"twitter:card\" content=\"summary_large_image\" \/>\n<meta name=\"twitter:creator\" content=\"@PolifoniaP\" \/>\n<meta name=\"twitter:site\" content=\"@PolifoniaP\" \/>\n<meta name=\"twitter:label1\" content=\"Escrito por\" \/>\n\t<meta name=\"twitter:data1\" content=\"Rociclei\" \/>\n\t<meta name=\"twitter:label2\" content=\"Est. tempo de leitura\" \/>\n\t<meta name=\"twitter:data2\" content=\"1 minuto\" \/>\n<script type=\"application\/ld+json\" class=\"yoast-schema-graph\">{\"@context\":\"https:\\\/\\\/schema.org\",\"@graph\":[{\"@type\":\"Article\",\"@id\":\"https:\\\/\\\/www.polifoniaperiferica.com.br\\\/?p=37028#article\",\"isPartOf\":{\"@id\":\"https:\\\/\\\/www.polifoniaperiferica.com.br\\\/?p=37028\"},\"author\":{\"name\":\"Rociclei\",\"@id\":\"https:\\\/\\\/www.polifoniaperiferica.com.br\\\/#\\\/schema\\\/person\\\/d0f20895493aadce1517b426a22855dc\"},\"headline\":\"Ghetto ZN lan\u00e7a single em parceria com Tiago Mac\",\"datePublished\":\"2018-04-13T18:02:27+00:00\",\"mainEntityOfPage\":{\"@id\":\"https:\\\/\\\/www.polifoniaperiferica.com.br\\\/?p=37028\"},\"wordCount\":309,\"commentCount\":0,\"publisher\":{\"@id\":\"https:\\\/\\\/www.polifoniaperiferica.com.br\\\/#organization\"},\"image\":{\"@id\":\"https:\\\/\\\/www.polifoniaperiferica.com.br\\\/?p=37028#primaryimage\"},\"thumbnailUrl\":\"https:\\\/\\\/polifoniaperiferica.com.br\\\/wp-content\\\/uploads\\\/2018\\\/04\\\/Ghetto-ZN-part.-Tiago-Mac-O-Cara.jpg\",\"keywords\":[\"An\u00fabis\",\"Fam\u00edlia Erva Doce (FED)\",\"Ghetto Zn\",\"Tiago Mac\",\"Xaga\"],\"articleSection\":[\"Lan\u00e7amentos\"],\"inLanguage\":\"pt-BR\",\"potentialAction\":[{\"@type\":\"CommentAction\",\"name\":\"Comment\",\"target\":[\"https:\\\/\\\/www.polifoniaperiferica.com.br\\\/?p=37028#respond\"]}]},{\"@type\":\"WebPage\",\"@id\":\"https:\\\/\\\/www.polifoniaperiferica.com.br\\\/?p=37028\",\"url\":\"https:\\\/\\\/www.polifoniaperiferica.com.br\\\/?p=37028\",\"name\":\"Ghetto ZN lan\u00e7a single em parceria com Tiago Mac - Polifonia Perif\u00e9rica\",\"isPartOf\":{\"@id\":\"https:\\\/\\\/www.polifoniaperiferica.com.br\\\/#website\"},\"primaryImageOfPage\":{\"@id\":\"https:\\\/\\\/www.polifoniaperiferica.com.br\\\/?p=37028#primaryimage\"},\"image\":{\"@id\":\"https:\\\/\\\/www.polifoniaperiferica.com.br\\\/?p=37028#primaryimage\"},\"thumbnailUrl\":\"https:\\\/\\\/polifoniaperiferica.com.br\\\/wp-content\\\/uploads\\\/2018\\\/04\\\/Ghetto-ZN-part.-Tiago-Mac-O-Cara.jpg\",\"datePublished\":\"2018-04-13T18:02:27+00:00\",\"breadcrumb\":{\"@id\":\"https:\\\/\\\/www.polifoniaperiferica.com.br\\\/?p=37028#breadcrumb\"},\"inLanguage\":\"pt-BR\",\"potentialAction\":[{\"@type\":\"ReadAction\",\"target\":[\"https:\\\/\\\/www.polifoniaperiferica.com.br\\\/?p=37028\"]}]},{\"@type\":\"ImageObject\",\"inLanguage\":\"pt-BR\",\"@id\":\"https:\\\/\\\/www.polifoniaperiferica.com.br\\\/?p=37028#primaryimage\",\"url\":\"https:\\\/\\\/polifoniaperiferica.com.br\\\/wp-content\\\/uploads\\\/2018\\\/04\\\/Ghetto-ZN-part.-Tiago-Mac-O-Cara.jpg\",\"contentUrl\":\"https:\\\/\\\/polifoniaperiferica.com.br\\\/wp-content\\\/uploads\\\/2018\\\/04\\\/Ghetto-ZN-part.-Tiago-Mac-O-Cara.jpg\",\"width\":1280,\"height\":720},{\"@type\":\"BreadcrumbList\",\"@id\":\"https:\\\/\\\/www.polifoniaperiferica.com.br\\\/?p=37028#breadcrumb\",\"itemListElement\":[{\"@type\":\"ListItem\",\"position\":1,\"name\":\"In\u00edcio\",\"item\":\"https:\\\/\\\/www.polifoniaperiferica.com.br\\\/\"},{\"@type\":\"ListItem\",\"position\":2,\"name\":\"Ghetto ZN lan\u00e7a single em parceria com Tiago Mac\"}]},{\"@type\":\"WebSite\",\"@id\":\"https:\\\/\\\/www.polifoniaperiferica.com.br\\\/#website\",\"url\":\"https:\\\/\\\/www.polifoniaperiferica.com.br\\\/\",\"name\":\"Polifonia Perif\u00e9rica\",\"description\":\"Vozes que Ecoam, Artes que Transformam\",\"publisher\":{\"@id\":\"https:\\\/\\\/www.polifoniaperiferica.com.br\\\/#organization\"},\"potentialAction\":[{\"@type\":\"SearchAction\",\"target\":{\"@type\":\"EntryPoint\",\"urlTemplate\":\"https:\\\/\\\/www.polifoniaperiferica.com.br\\\/?s={search_term_string}\"},\"query-input\":{\"@type\":\"PropertyValueSpecification\",\"valueRequired\":true,\"valueName\":\"search_term_string\"}}],\"inLanguage\":\"pt-BR\"},{\"@type\":\"Organization\",\"@id\":\"https:\\\/\\\/www.polifoniaperiferica.com.br\\\/#organization\",\"name\":\"Polifonia Perif\u00e9rica\",\"url\":\"https:\\\/\\\/www.polifoniaperiferica.com.br\\\/\",\"logo\":{\"@type\":\"ImageObject\",\"inLanguage\":\"pt-BR\",\"@id\":\"https:\\\/\\\/www.polifoniaperiferica.com.br\\\/#\\\/schema\\\/logo\\\/image\\\/\",\"url\":\"https:\\\/\\\/polifoniaperiferica.com.br\\\/wp-content\\\/uploads\\\/2016\\\/06\\\/Polifonia-Periferica.jpg\",\"contentUrl\":\"https:\\\/\\\/polifoniaperiferica.com.br\\\/wp-content\\\/uploads\\\/2016\\\/06\\\/Polifonia-Periferica.jpg\",\"width\":855,\"height\":373,\"caption\":\"Polifonia Perif\u00e9rica\"},\"image\":{\"@id\":\"https:\\\/\\\/www.polifoniaperiferica.com.br\\\/#\\\/schema\\\/logo\\\/image\\\/\"},\"sameAs\":[\"https:\\\/\\\/www.facebook.com\\\/sitePolifoniaPeriferica\\\/\",\"https:\\\/\\\/x.com\\\/PolifoniaP\",\"https:\\\/\\\/www.instagram.com\\\/polifoniaperiferica\"]},{\"@type\":\"Person\",\"@id\":\"https:\\\/\\\/www.polifoniaperiferica.com.br\\\/#\\\/schema\\\/person\\\/d0f20895493aadce1517b426a22855dc\",\"name\":\"Rociclei\",\"image\":{\"@type\":\"ImageObject\",\"inLanguage\":\"pt-BR\",\"@id\":\"https:\\\/\\\/secure.gravatar.com\\\/avatar\\\/9f529ac0e773653834d07ab3cab421a15d7da91260b339788dbfd0203323ec33?s=96&d=mm&r=g\",\"url\":\"https:\\\/\\\/secure.gravatar.com\\\/avatar\\\/9f529ac0e773653834d07ab3cab421a15d7da91260b339788dbfd0203323ec33?s=96&d=mm&r=g\",\"contentUrl\":\"https:\\\/\\\/secure.gravatar.com\\\/avatar\\\/9f529ac0e773653834d07ab3cab421a15d7da91260b339788dbfd0203323ec33?s=96&d=mm&r=g\",\"caption\":\"Rociclei\"},\"sameAs\":[\"http:\\\/\\\/www.polifoniaperiferica.com.br\"],\"url\":\"https:\\\/\\\/www.polifoniaperiferica.com.br\\\/?author=2\"}]}<\/script>\n<!-- \/ Yoast SEO plugin. -->","yoast_head_json":{"title":"Ghetto ZN lan\u00e7a single em parceria com Tiago Mac - Polifonia Perif\u00e9rica","robots":{"index":"index","follow":"follow","max-snippet":"max-snippet:-1","max-image-preview":"max-image-preview:large","max-video-preview":"max-video-preview:-1"},"canonical":"https:\/\/www.polifoniaperiferica.com.br\/?p=37028","og_locale":"pt_BR","og_type":"article","og_title":"Ghetto ZN lan\u00e7a single em parceria com Tiago Mac - Polifonia Perif\u00e9rica","og_description":"O monstro da zona norte vem se preparando para lan\u00e7ar seu novo \u00e1lbum solo e","og_url":"https:\/\/www.polifoniaperiferica.com.br\/?p=37028","og_site_name":"Polifonia Perif\u00e9rica","article_publisher":"https:\/\/www.facebook.com\/sitePolifoniaPeriferica\/","article_published_time":"2018-04-13T18:02:27+00:00","og_image":[{"width":1280,"height":720,"url":"https:\/\/polifoniaperiferica.com.br\/wp-content\/uploads\/2018\/04\/Ghetto-ZN-part.-Tiago-Mac-O-Cara.jpg","type":"image\/jpeg"}],"author":"Rociclei","twitter_card":"summary_large_image","twitter_creator":"@PolifoniaP","twitter_site":"@PolifoniaP","twitter_misc":{"Escrito por":"Rociclei","Est. tempo de leitura":"1 minuto"},"schema":{"@context":"https:\/\/schema.org","@graph":[{"@type":"Article","@id":"https:\/\/www.polifoniaperiferica.com.br\/?p=37028#article","isPartOf":{"@id":"https:\/\/www.polifoniaperiferica.com.br\/?p=37028"},"author":{"name":"Rociclei","@id":"https:\/\/www.polifoniaperiferica.com.br\/#\/schema\/person\/d0f20895493aadce1517b426a22855dc"},"headline":"Ghetto ZN lan\u00e7a single em parceria com Tiago Mac","datePublished":"2018-04-13T18:02:27+00:00","mainEntityOfPage":{"@id":"https:\/\/www.polifoniaperiferica.com.br\/?p=37028"},"wordCount":309,"commentCount":0,"publisher":{"@id":"https:\/\/www.polifoniaperiferica.com.br\/#organization"},"image":{"@id":"https:\/\/www.polifoniaperiferica.com.br\/?p=37028#primaryimage"},"thumbnailUrl":"https:\/\/polifoniaperiferica.com.br\/wp-content\/uploads\/2018\/04\/Ghetto-ZN-part.-Tiago-Mac-O-Cara.jpg","keywords":["An\u00fabis","Fam\u00edlia Erva Doce (FED)","Ghetto Zn","Tiago Mac","Xaga"],"articleSection":["Lan\u00e7amentos"],"inLanguage":"pt-BR","potentialAction":[{"@type":"CommentAction","name":"Comment","target":["https:\/\/www.polifoniaperiferica.com.br\/?p=37028#respond"]}]},{"@type":"WebPage","@id":"https:\/\/www.polifoniaperiferica.com.br\/?p=37028","url":"https:\/\/www.polifoniaperiferica.com.br\/?p=37028","name":"Ghetto ZN lan\u00e7a single em parceria com Tiago Mac - Polifonia Perif\u00e9rica","isPartOf":{"@id":"https:\/\/www.polifoniaperiferica.com.br\/#website"},"primaryImageOfPage":{"@id":"https:\/\/www.polifoniaperiferica.com.br\/?p=37028#primaryimage"},"image":{"@id":"https:\/\/www.polifoniaperiferica.com.br\/?p=37028#primaryimage"},"thumbnailUrl":"https:\/\/polifoniaperiferica.com.br\/wp-content\/uploads\/2018\/04\/Ghetto-ZN-part.-Tiago-Mac-O-Cara.jpg","datePublished":"2018-04-13T18:02:27+00:00","breadcrumb":{"@id":"https:\/\/www.polifoniaperiferica.com.br\/?p=37028#breadcrumb"},"inLanguage":"pt-BR","potentialAction":[{"@type":"ReadAction","target":["https:\/\/www.polifoniaperiferica.com.br\/?p=37028"]}]},{"@type":"ImageObject","inLanguage":"pt-BR","@id":"https:\/\/www.polifoniaperiferica.com.br\/?p=37028#primaryimage","url":"https:\/\/polifoniaperiferica.com.br\/wp-content\/uploads\/2018\/04\/Ghetto-ZN-part.-Tiago-Mac-O-Cara.jpg","contentUrl":"https:\/\/polifoniaperiferica.com.br\/wp-content\/uploads\/2018\/04\/Ghetto-ZN-part.-Tiago-Mac-O-Cara.jpg","width":1280,"height":720},{"@type":"BreadcrumbList","@id":"https:\/\/www.polifoniaperiferica.com.br\/?p=37028#breadcrumb","itemListElement":[{"@type":"ListItem","position":1,"name":"In\u00edcio","item":"https:\/\/www.polifoniaperiferica.com.br\/"},{"@type":"ListItem","position":2,"name":"Ghetto ZN lan\u00e7a single em parceria com Tiago Mac"}]},{"@type":"WebSite","@id":"https:\/\/www.polifoniaperiferica.com.br\/#website","url":"https:\/\/www.polifoniaperiferica.com.br\/","name":"Polifonia Perif\u00e9rica","description":"Vozes que Ecoam, Artes que Transformam","publisher":{"@id":"https:\/\/www.polifoniaperiferica.com.br\/#organization"},"potentialAction":[{"@type":"SearchAction","target":{"@type":"EntryPoint","urlTemplate":"https:\/\/www.polifoniaperiferica.com.br\/?s={search_term_string}"},"query-input":{"@type":"PropertyValueSpecification","valueRequired":true,"valueName":"search_term_string"}}],"inLanguage":"pt-BR"},{"@type":"Organization","@id":"https:\/\/www.polifoniaperiferica.com.br\/#organization","name":"Polifonia Perif\u00e9rica","url":"https:\/\/www.polifoniaperiferica.com.br\/","logo":{"@type":"ImageObject","inLanguage":"pt-BR","@id":"https:\/\/www.polifoniaperiferica.com.br\/#\/schema\/logo\/image\/","url":"https:\/\/polifoniaperiferica.com.br\/wp-content\/uploads\/2016\/06\/Polifonia-Periferica.jpg","contentUrl":"https:\/\/polifoniaperiferica.com.br\/wp-content\/uploads\/2016\/06\/Polifonia-Periferica.jpg","width":855,"height":373,"caption":"Polifonia Perif\u00e9rica"},"image":{"@id":"https:\/\/www.polifoniaperiferica.com.br\/#\/schema\/logo\/image\/"},"sameAs":["https:\/\/www.facebook.com\/sitePolifoniaPeriferica\/","https:\/\/x.com\/PolifoniaP","https:\/\/www.instagram.com\/polifoniaperiferica"]},{"@type":"Person","@id":"https:\/\/www.polifoniaperiferica.com.br\/#\/schema\/person\/d0f20895493aadce1517b426a22855dc","name":"Rociclei","image":{"@type":"ImageObject","inLanguage":"pt-BR","@id":"https:\/\/secure.gravatar.com\/avatar\/9f529ac0e773653834d07ab3cab421a15d7da91260b339788dbfd0203323ec33?s=96&d=mm&r=g","url":"https:\/\/secure.gravatar.com\/avatar\/9f529ac0e773653834d07ab3cab421a15d7da91260b339788dbfd0203323ec33?s=96&d=mm&r=g","contentUrl":"https:\/\/secure.gravatar.com\/avatar\/9f529ac0e773653834d07ab3cab421a15d7da91260b339788dbfd0203323ec33?s=96&d=mm&r=g","caption":"Rociclei"},"sameAs":["http:\/\/www.polifoniaperiferica.com.br"],"url":"https:\/\/www.polifoniaperiferica.com.br\/?author=2"}]}},"_links":{"self":[{"href":"https:\/\/www.polifoniaperiferica.com.br\/index.php?rest_route=\/wp\/v2\/posts\/37028","targetHints":{"allow":["GET"]}}],"collection":[{"href":"https:\/\/www.polifoniaperiferica.com.br\/index.php?rest_route=\/wp\/v2\/posts"}],"about":[{"href":"https:\/\/www.polifoniaperiferica.com.br\/index.php?rest_route=\/wp\/v2\/types\/post"}],"author":[{"embeddable":true,"href":"https:\/\/www.polifoniaperiferica.com.br\/index.php?rest_route=\/wp\/v2\/users\/2"}],"replies":[{"embeddable":true,"href":"https:\/\/www.polifoniaperiferica.com.br\/index.php?rest_route=%2Fwp%2Fv2%2Fcomments&post=37028"}],"version-history":[{"count":1,"href":"https:\/\/www.polifoniaperiferica.com.br\/index.php?rest_route=\/wp\/v2\/posts\/37028\/revisions"}],"predecessor-version":[{"id":37031,"href":"https:\/\/www.polifoniaperiferica.com.br\/index.php?rest_route=\/wp\/v2\/posts\/37028\/revisions\/37031"}],"wp:featuredmedia":[{"embeddable":true,"href":"https:\/\/www.polifoniaperiferica.com.br\/index.php?rest_route=\/wp\/v2\/media\/37030"}],"wp:attachment":[{"href":"https:\/\/www.polifoniaperiferica.com.br\/index.php?rest_route=%2Fwp%2Fv2%2Fmedia&parent=37028"}],"wp:term":[{"taxonomy":"category","embeddable":true,"href":"https:\/\/www.polifoniaperiferica.com.br\/index.php?rest_route=%2Fwp%2Fv2%2Fcategories&post=37028"},{"taxonomy":"post_tag","embeddable":true,"href":"https:\/\/www.polifoniaperiferica.com.br\/index.php?rest_route=%2Fwp%2Fv2%2Ftags&post=37028"}],"curies":[{"name":"wp","href":"https:\/\/api.w.org\/{rel}","templated":true}]}}