{"id":27315,"date":"2017-02-22T11:17:59","date_gmt":"2017-02-22T11:17:59","guid":{"rendered":"http:\/\/www.polifoniaperiferica.com.br\/?p=27315"},"modified":"2017-02-22T11:17:59","modified_gmt":"2017-02-22T11:17:59","slug":"vera-veronika-lanca-clipe-da-musica-traficadas","status":"publish","type":"post","link":"https:\/\/www.polifoniaperiferica.com.br\/?p=27315","title":{"rendered":"Vera Ver\u00f4nika lan\u00e7a clipe da m\u00fasica \u2018Traficadas\u2019"},"content":{"rendered":"<p style=\"text-align: justify;\">A rapper brasiliense <strong>Vera Ver\u00f4nika<\/strong> lan\u00e7ou nesta segunda-feira (21) o clipe oficial do single \u201c<strong>Traficadas<\/strong>\u201d realizado pela Donas Filme. A m\u00fasica \u00e9 uma denuncia, um grito e acima de tudo uma presta\u00e7\u00e3o de servi\u00e7o a sociedade ao alertar sobre o crime b\u00e1rbaro do tr\u00e1fico de pessoas.&nbsp; Vale lembrar que o&nbsp;tr\u00e1fico de mulheres&nbsp;\u00e9 uma das atividades ilegais mais lucrativas no mercado mundial. O Brasil \u00e9 hoje o pa\u00eds com maior n\u00famero de mulheres traficadas para fins sexuais da Am\u00e9rica do Sul.<\/p>\n<p style=\"text-align: justify;\">\u2013&nbsp; Traficadas \u00e9&nbsp; o retrato de uma realidade silenciada no Brasil e no mundo, o tr\u00e1fico de mulheres, a perda da esperan\u00e7a. A dor de cada m\u00e3e, a ilus\u00e3o envolta na vontade de mudar de vida. N\u00e3o podemos fechar os olhos \u2013 declarou <strong>Vera Ver\u00f4nika<\/strong> em seu perfil em uma rede social.<\/p>\n<p><iframe loading=\"lazy\" title=\"VERA VERONIKA - Traficadas\" width=\"640\" height=\"360\" src=\"https:\/\/www.youtube.com\/embed\/FZS8SG4O0Ms?feature=oembed\" frameborder=\"0\" allow=\"accelerometer; autoplay; clipboard-write; encrypted-media; gyroscope; picture-in-picture; web-share\" referrerpolicy=\"strict-origin-when-cross-origin\" allowfullscreen><\/iframe><\/p>\n","protected":false},"excerpt":{"rendered":"<p>A rapper brasiliense Vera Ver\u00f4nika lan\u00e7ou nesta segunda-feira (21) o clipe oficial do single \u201cTraficadas\u201d<\/p>\n","protected":false},"author":2,"featured_media":27316,"comment_status":"open","ping_status":"open","sticky":false,"template":"","format":"standard","meta":{"_monsterinsights_skip_tracking":false,"ngg_post_thumbnail":0,"footnotes":""},"categories":[1],"tags":[590,3316,6035],"class_list":["post-27315","post","type-post","status-publish","format-standard","has-post-thumbnail","hentry","category-saindo-do-forno","tag-brasilia-df","tag-rap","tag-vera-veronika"],"yoast_head":"<!-- This site is optimized with the Yoast SEO plugin v28.4 - https:\/\/yoast.com\/product\/yoast-seo-wordpress\/ -->\n<title>Vera Ver\u00f4nika lan\u00e7a clipe da m\u00fasica \u2018Traficadas\u2019 - Polifonia Perif\u00e9rica<\/title>\n<meta name=\"robots\" content=\"index, follow, max-snippet:-1, max-image-preview:large, max-video-preview:-1\" \/>\n<link rel=\"canonical\" href=\"https:\/\/www.polifoniaperiferica.com.br\/?p=27315\" \/>\n<meta property=\"og:locale\" content=\"pt_BR\" \/>\n<meta property=\"og:type\" content=\"article\" \/>\n<meta property=\"og:title\" content=\"Vera Ver\u00f4nika lan\u00e7a clipe da m\u00fasica \u2018Traficadas\u2019 - Polifonia Perif\u00e9rica\" \/>\n<meta property=\"og:description\" content=\"A rapper brasiliense Vera Ver\u00f4nika lan\u00e7ou nesta segunda-feira (21) o clipe oficial do single \u201cTraficadas\u201d\" \/>\n<meta property=\"og:url\" content=\"https:\/\/www.polifoniaperiferica.com.br\/?p=27315\" \/>\n<meta property=\"og:site_name\" content=\"Polifonia Perif\u00e9rica\" \/>\n<meta property=\"article:publisher\" content=\"https:\/\/www.facebook.com\/sitePolifoniaPeriferica\/\" \/>\n<meta property=\"article:published_time\" content=\"2017-02-22T11:17:59+00:00\" \/>\n<meta property=\"og:image\" content=\"https:\/\/polifoniaperiferica.com.br\/wp-content\/uploads\/2017\/02\/VERA-VER\u00d4NIKA-Traficadas.jpg\" \/>\n\t<meta property=\"og:image:width\" content=\"1280\" \/>\n\t<meta property=\"og:image:height\" content=\"720\" \/>\n\t<meta property=\"og:image:type\" content=\"image\/jpeg\" \/>\n<meta name=\"author\" content=\"Rociclei\" \/>\n<meta name=\"twitter:card\" content=\"summary_large_image\" \/>\n<meta name=\"twitter:creator\" content=\"@PolifoniaP\" \/>\n<meta name=\"twitter:site\" content=\"@PolifoniaP\" \/>\n<meta name=\"twitter:label1\" content=\"Escrito por\" \/>\n\t<meta name=\"twitter:data1\" content=\"Rociclei\" \/>\n\t<meta name=\"twitter:label2\" content=\"Est. tempo de leitura\" \/>\n\t<meta name=\"twitter:data2\" content=\"1 minuto\" \/>\n<script type=\"application\/ld+json\" class=\"yoast-schema-graph\">{\"@context\":\"https:\\\/\\\/schema.org\",\"@graph\":[{\"@type\":\"Article\",\"@id\":\"https:\\\/\\\/www.polifoniaperiferica.com.br\\\/?p=27315#article\",\"isPartOf\":{\"@id\":\"https:\\\/\\\/www.polifoniaperiferica.com.br\\\/?p=27315\"},\"author\":{\"name\":\"Rociclei\",\"@id\":\"https:\\\/\\\/www.polifoniaperiferica.com.br\\\/#\\\/schema\\\/person\\\/d0f20895493aadce1517b426a22855dc\"},\"headline\":\"Vera Ver\u00f4nika lan\u00e7a clipe da m\u00fasica \u2018Traficadas\u2019\",\"datePublished\":\"2017-02-22T11:17:59+00:00\",\"mainEntityOfPage\":{\"@id\":\"https:\\\/\\\/www.polifoniaperiferica.com.br\\\/?p=27315\"},\"wordCount\":166,\"commentCount\":1,\"publisher\":{\"@id\":\"https:\\\/\\\/www.polifoniaperiferica.com.br\\\/#organization\"},\"image\":{\"@id\":\"https:\\\/\\\/www.polifoniaperiferica.com.br\\\/?p=27315#primaryimage\"},\"thumbnailUrl\":\"https:\\\/\\\/polifoniaperiferica.com.br\\\/wp-content\\\/uploads\\\/2017\\\/02\\\/VERA-VER\u00d4NIKA-Traficadas.jpg\",\"keywords\":[\"Bras\u00edlia-DF\",\"rap\",\"Vera Ver\u00f4nika\"],\"articleSection\":[\"Lan\u00e7amentos\"],\"inLanguage\":\"pt-BR\",\"potentialAction\":[{\"@type\":\"CommentAction\",\"name\":\"Comment\",\"target\":[\"https:\\\/\\\/www.polifoniaperiferica.com.br\\\/?p=27315#respond\"]}]},{\"@type\":\"WebPage\",\"@id\":\"https:\\\/\\\/www.polifoniaperiferica.com.br\\\/?p=27315\",\"url\":\"https:\\\/\\\/www.polifoniaperiferica.com.br\\\/?p=27315\",\"name\":\"Vera Ver\u00f4nika lan\u00e7a clipe da m\u00fasica \u2018Traficadas\u2019 - Polifonia Perif\u00e9rica\",\"isPartOf\":{\"@id\":\"https:\\\/\\\/www.polifoniaperiferica.com.br\\\/#website\"},\"primaryImageOfPage\":{\"@id\":\"https:\\\/\\\/www.polifoniaperiferica.com.br\\\/?p=27315#primaryimage\"},\"image\":{\"@id\":\"https:\\\/\\\/www.polifoniaperiferica.com.br\\\/?p=27315#primaryimage\"},\"thumbnailUrl\":\"https:\\\/\\\/polifoniaperiferica.com.br\\\/wp-content\\\/uploads\\\/2017\\\/02\\\/VERA-VER\u00d4NIKA-Traficadas.jpg\",\"datePublished\":\"2017-02-22T11:17:59+00:00\",\"breadcrumb\":{\"@id\":\"https:\\\/\\\/www.polifoniaperiferica.com.br\\\/?p=27315#breadcrumb\"},\"inLanguage\":\"pt-BR\",\"potentialAction\":[{\"@type\":\"ReadAction\",\"target\":[\"https:\\\/\\\/www.polifoniaperiferica.com.br\\\/?p=27315\"]}]},{\"@type\":\"ImageObject\",\"inLanguage\":\"pt-BR\",\"@id\":\"https:\\\/\\\/www.polifoniaperiferica.com.br\\\/?p=27315#primaryimage\",\"url\":\"https:\\\/\\\/polifoniaperiferica.com.br\\\/wp-content\\\/uploads\\\/2017\\\/02\\\/VERA-VER\u00d4NIKA-Traficadas.jpg\",\"contentUrl\":\"https:\\\/\\\/polifoniaperiferica.com.br\\\/wp-content\\\/uploads\\\/2017\\\/02\\\/VERA-VER\u00d4NIKA-Traficadas.jpg\",\"width\":1280,\"height\":720},{\"@type\":\"BreadcrumbList\",\"@id\":\"https:\\\/\\\/www.polifoniaperiferica.com.br\\\/?p=27315#breadcrumb\",\"itemListElement\":[{\"@type\":\"ListItem\",\"position\":1,\"name\":\"In\u00edcio\",\"item\":\"https:\\\/\\\/www.polifoniaperiferica.com.br\\\/\"},{\"@type\":\"ListItem\",\"position\":2,\"name\":\"Vera Ver\u00f4nika lan\u00e7a clipe da m\u00fasica \u2018Traficadas\u2019\"}]},{\"@type\":\"WebSite\",\"@id\":\"https:\\\/\\\/www.polifoniaperiferica.com.br\\\/#website\",\"url\":\"https:\\\/\\\/www.polifoniaperiferica.com.br\\\/\",\"name\":\"Polifonia Perif\u00e9rica\",\"description\":\"Vozes que Ecoam, Artes que Transformam\",\"publisher\":{\"@id\":\"https:\\\/\\\/www.polifoniaperiferica.com.br\\\/#organization\"},\"potentialAction\":[{\"@type\":\"SearchAction\",\"target\":{\"@type\":\"EntryPoint\",\"urlTemplate\":\"https:\\\/\\\/www.polifoniaperiferica.com.br\\\/?s={search_term_string}\"},\"query-input\":{\"@type\":\"PropertyValueSpecification\",\"valueRequired\":true,\"valueName\":\"search_term_string\"}}],\"inLanguage\":\"pt-BR\"},{\"@type\":\"Organization\",\"@id\":\"https:\\\/\\\/www.polifoniaperiferica.com.br\\\/#organization\",\"name\":\"Polifonia Perif\u00e9rica\",\"url\":\"https:\\\/\\\/www.polifoniaperiferica.com.br\\\/\",\"logo\":{\"@type\":\"ImageObject\",\"inLanguage\":\"pt-BR\",\"@id\":\"https:\\\/\\\/www.polifoniaperiferica.com.br\\\/#\\\/schema\\\/logo\\\/image\\\/\",\"url\":\"https:\\\/\\\/polifoniaperiferica.com.br\\\/wp-content\\\/uploads\\\/2016\\\/06\\\/Polifonia-Periferica.jpg\",\"contentUrl\":\"https:\\\/\\\/polifoniaperiferica.com.br\\\/wp-content\\\/uploads\\\/2016\\\/06\\\/Polifonia-Periferica.jpg\",\"width\":855,\"height\":373,\"caption\":\"Polifonia Perif\u00e9rica\"},\"image\":{\"@id\":\"https:\\\/\\\/www.polifoniaperiferica.com.br\\\/#\\\/schema\\\/logo\\\/image\\\/\"},\"sameAs\":[\"https:\\\/\\\/www.facebook.com\\\/sitePolifoniaPeriferica\\\/\",\"https:\\\/\\\/x.com\\\/PolifoniaP\",\"https:\\\/\\\/www.instagram.com\\\/polifoniaperiferica\"]},{\"@type\":\"Person\",\"@id\":\"https:\\\/\\\/www.polifoniaperiferica.com.br\\\/#\\\/schema\\\/person\\\/d0f20895493aadce1517b426a22855dc\",\"name\":\"Rociclei\",\"image\":{\"@type\":\"ImageObject\",\"inLanguage\":\"pt-BR\",\"@id\":\"https:\\\/\\\/secure.gravatar.com\\\/avatar\\\/9f529ac0e773653834d07ab3cab421a15d7da91260b339788dbfd0203323ec33?s=96&d=mm&r=g\",\"url\":\"https:\\\/\\\/secure.gravatar.com\\\/avatar\\\/9f529ac0e773653834d07ab3cab421a15d7da91260b339788dbfd0203323ec33?s=96&d=mm&r=g\",\"contentUrl\":\"https:\\\/\\\/secure.gravatar.com\\\/avatar\\\/9f529ac0e773653834d07ab3cab421a15d7da91260b339788dbfd0203323ec33?s=96&d=mm&r=g\",\"caption\":\"Rociclei\"},\"sameAs\":[\"http:\\\/\\\/www.polifoniaperiferica.com.br\"],\"url\":\"https:\\\/\\\/www.polifoniaperiferica.com.br\\\/?author=2\"}]}<\/script>\n<!-- \/ Yoast SEO plugin. -->","yoast_head_json":{"title":"Vera Ver\u00f4nika lan\u00e7a clipe da m\u00fasica \u2018Traficadas\u2019 - Polifonia Perif\u00e9rica","robots":{"index":"index","follow":"follow","max-snippet":"max-snippet:-1","max-image-preview":"max-image-preview:large","max-video-preview":"max-video-preview:-1"},"canonical":"https:\/\/www.polifoniaperiferica.com.br\/?p=27315","og_locale":"pt_BR","og_type":"article","og_title":"Vera Ver\u00f4nika lan\u00e7a clipe da m\u00fasica \u2018Traficadas\u2019 - Polifonia Perif\u00e9rica","og_description":"A rapper brasiliense Vera Ver\u00f4nika lan\u00e7ou nesta segunda-feira (21) o clipe oficial do single \u201cTraficadas\u201d","og_url":"https:\/\/www.polifoniaperiferica.com.br\/?p=27315","og_site_name":"Polifonia Perif\u00e9rica","article_publisher":"https:\/\/www.facebook.com\/sitePolifoniaPeriferica\/","article_published_time":"2017-02-22T11:17:59+00:00","og_image":[{"width":1280,"height":720,"url":"https:\/\/polifoniaperiferica.com.br\/wp-content\/uploads\/2017\/02\/VERA-VER\u00d4NIKA-Traficadas.jpg","type":"image\/jpeg"}],"author":"Rociclei","twitter_card":"summary_large_image","twitter_creator":"@PolifoniaP","twitter_site":"@PolifoniaP","twitter_misc":{"Escrito por":"Rociclei","Est. tempo de leitura":"1 minuto"},"schema":{"@context":"https:\/\/schema.org","@graph":[{"@type":"Article","@id":"https:\/\/www.polifoniaperiferica.com.br\/?p=27315#article","isPartOf":{"@id":"https:\/\/www.polifoniaperiferica.com.br\/?p=27315"},"author":{"name":"Rociclei","@id":"https:\/\/www.polifoniaperiferica.com.br\/#\/schema\/person\/d0f20895493aadce1517b426a22855dc"},"headline":"Vera Ver\u00f4nika lan\u00e7a clipe da m\u00fasica \u2018Traficadas\u2019","datePublished":"2017-02-22T11:17:59+00:00","mainEntityOfPage":{"@id":"https:\/\/www.polifoniaperiferica.com.br\/?p=27315"},"wordCount":166,"commentCount":1,"publisher":{"@id":"https:\/\/www.polifoniaperiferica.com.br\/#organization"},"image":{"@id":"https:\/\/www.polifoniaperiferica.com.br\/?p=27315#primaryimage"},"thumbnailUrl":"https:\/\/polifoniaperiferica.com.br\/wp-content\/uploads\/2017\/02\/VERA-VER\u00d4NIKA-Traficadas.jpg","keywords":["Bras\u00edlia-DF","rap","Vera Ver\u00f4nika"],"articleSection":["Lan\u00e7amentos"],"inLanguage":"pt-BR","potentialAction":[{"@type":"CommentAction","name":"Comment","target":["https:\/\/www.polifoniaperiferica.com.br\/?p=27315#respond"]}]},{"@type":"WebPage","@id":"https:\/\/www.polifoniaperiferica.com.br\/?p=27315","url":"https:\/\/www.polifoniaperiferica.com.br\/?p=27315","name":"Vera Ver\u00f4nika lan\u00e7a clipe da m\u00fasica \u2018Traficadas\u2019 - Polifonia Perif\u00e9rica","isPartOf":{"@id":"https:\/\/www.polifoniaperiferica.com.br\/#website"},"primaryImageOfPage":{"@id":"https:\/\/www.polifoniaperiferica.com.br\/?p=27315#primaryimage"},"image":{"@id":"https:\/\/www.polifoniaperiferica.com.br\/?p=27315#primaryimage"},"thumbnailUrl":"https:\/\/polifoniaperiferica.com.br\/wp-content\/uploads\/2017\/02\/VERA-VER\u00d4NIKA-Traficadas.jpg","datePublished":"2017-02-22T11:17:59+00:00","breadcrumb":{"@id":"https:\/\/www.polifoniaperiferica.com.br\/?p=27315#breadcrumb"},"inLanguage":"pt-BR","potentialAction":[{"@type":"ReadAction","target":["https:\/\/www.polifoniaperiferica.com.br\/?p=27315"]}]},{"@type":"ImageObject","inLanguage":"pt-BR","@id":"https:\/\/www.polifoniaperiferica.com.br\/?p=27315#primaryimage","url":"https:\/\/polifoniaperiferica.com.br\/wp-content\/uploads\/2017\/02\/VERA-VER\u00d4NIKA-Traficadas.jpg","contentUrl":"https:\/\/polifoniaperiferica.com.br\/wp-content\/uploads\/2017\/02\/VERA-VER\u00d4NIKA-Traficadas.jpg","width":1280,"height":720},{"@type":"BreadcrumbList","@id":"https:\/\/www.polifoniaperiferica.com.br\/?p=27315#breadcrumb","itemListElement":[{"@type":"ListItem","position":1,"name":"In\u00edcio","item":"https:\/\/www.polifoniaperiferica.com.br\/"},{"@type":"ListItem","position":2,"name":"Vera Ver\u00f4nika lan\u00e7a clipe da m\u00fasica \u2018Traficadas\u2019"}]},{"@type":"WebSite","@id":"https:\/\/www.polifoniaperiferica.com.br\/#website","url":"https:\/\/www.polifoniaperiferica.com.br\/","name":"Polifonia Perif\u00e9rica","description":"Vozes que Ecoam, Artes que Transformam","publisher":{"@id":"https:\/\/www.polifoniaperiferica.com.br\/#organization"},"potentialAction":[{"@type":"SearchAction","target":{"@type":"EntryPoint","urlTemplate":"https:\/\/www.polifoniaperiferica.com.br\/?s={search_term_string}"},"query-input":{"@type":"PropertyValueSpecification","valueRequired":true,"valueName":"search_term_string"}}],"inLanguage":"pt-BR"},{"@type":"Organization","@id":"https:\/\/www.polifoniaperiferica.com.br\/#organization","name":"Polifonia Perif\u00e9rica","url":"https:\/\/www.polifoniaperiferica.com.br\/","logo":{"@type":"ImageObject","inLanguage":"pt-BR","@id":"https:\/\/www.polifoniaperiferica.com.br\/#\/schema\/logo\/image\/","url":"https:\/\/polifoniaperiferica.com.br\/wp-content\/uploads\/2016\/06\/Polifonia-Periferica.jpg","contentUrl":"https:\/\/polifoniaperiferica.com.br\/wp-content\/uploads\/2016\/06\/Polifonia-Periferica.jpg","width":855,"height":373,"caption":"Polifonia Perif\u00e9rica"},"image":{"@id":"https:\/\/www.polifoniaperiferica.com.br\/#\/schema\/logo\/image\/"},"sameAs":["https:\/\/www.facebook.com\/sitePolifoniaPeriferica\/","https:\/\/x.com\/PolifoniaP","https:\/\/www.instagram.com\/polifoniaperiferica"]},{"@type":"Person","@id":"https:\/\/www.polifoniaperiferica.com.br\/#\/schema\/person\/d0f20895493aadce1517b426a22855dc","name":"Rociclei","image":{"@type":"ImageObject","inLanguage":"pt-BR","@id":"https:\/\/secure.gravatar.com\/avatar\/9f529ac0e773653834d07ab3cab421a15d7da91260b339788dbfd0203323ec33?s=96&d=mm&r=g","url":"https:\/\/secure.gravatar.com\/avatar\/9f529ac0e773653834d07ab3cab421a15d7da91260b339788dbfd0203323ec33?s=96&d=mm&r=g","contentUrl":"https:\/\/secure.gravatar.com\/avatar\/9f529ac0e773653834d07ab3cab421a15d7da91260b339788dbfd0203323ec33?s=96&d=mm&r=g","caption":"Rociclei"},"sameAs":["http:\/\/www.polifoniaperiferica.com.br"],"url":"https:\/\/www.polifoniaperiferica.com.br\/?author=2"}]}},"_links":{"self":[{"href":"https:\/\/www.polifoniaperiferica.com.br\/index.php?rest_route=\/wp\/v2\/posts\/27315","targetHints":{"allow":["GET"]}}],"collection":[{"href":"https:\/\/www.polifoniaperiferica.com.br\/index.php?rest_route=\/wp\/v2\/posts"}],"about":[{"href":"https:\/\/www.polifoniaperiferica.com.br\/index.php?rest_route=\/wp\/v2\/types\/post"}],"author":[{"embeddable":true,"href":"https:\/\/www.polifoniaperiferica.com.br\/index.php?rest_route=\/wp\/v2\/users\/2"}],"replies":[{"embeddable":true,"href":"https:\/\/www.polifoniaperiferica.com.br\/index.php?rest_route=%2Fwp%2Fv2%2Fcomments&post=27315"}],"version-history":[{"count":1,"href":"https:\/\/www.polifoniaperiferica.com.br\/index.php?rest_route=\/wp\/v2\/posts\/27315\/revisions"}],"predecessor-version":[{"id":27317,"href":"https:\/\/www.polifoniaperiferica.com.br\/index.php?rest_route=\/wp\/v2\/posts\/27315\/revisions\/27317"}],"wp:featuredmedia":[{"embeddable":true,"href":"https:\/\/www.polifoniaperiferica.com.br\/index.php?rest_route=\/wp\/v2\/media\/27316"}],"wp:attachment":[{"href":"https:\/\/www.polifoniaperiferica.com.br\/index.php?rest_route=%2Fwp%2Fv2%2Fmedia&parent=27315"}],"wp:term":[{"taxonomy":"category","embeddable":true,"href":"https:\/\/www.polifoniaperiferica.com.br\/index.php?rest_route=%2Fwp%2Fv2%2Fcategories&post=27315"},{"taxonomy":"post_tag","embeddable":true,"href":"https:\/\/www.polifoniaperiferica.com.br\/index.php?rest_route=%2Fwp%2Fv2%2Ftags&post=27315"}],"curies":[{"name":"wp","href":"https:\/\/api.w.org\/{rel}","templated":true}]}}