{"id":26522,"date":"2017-01-26T19:31:33","date_gmt":"2017-01-26T19:31:33","guid":{"rendered":"http:\/\/www.polifoniaperiferica.com.br\/?p=26522"},"modified":"2017-01-26T19:31:33","modified_gmt":"2017-01-26T19:31:33","slug":"carolzi-lanca-primeiro-single-do-ep-herdeira-dos-meus","status":"publish","type":"post","link":"https:\/\/www.polifoniaperiferica.com.br\/?p=26522","title":{"rendered":"Carolzi lan\u00e7a primeiro single do EP &#8220;Herdeira dos Meus&#8221;"},"content":{"rendered":"<p style=\"text-align: justify;\">Caroline dos Santos, nascida no dia 9 de fevereiro de 1993, na zona leste da cidade de S\u00e3o Paulo, se tornou Carolzi quando come\u00e7ou suas primeiras composi\u00e7\u00f5es no ano de 2013, apesar de j\u00e1 ter se descoberto cantora desde os 7 anos de idade, quando era solista na igreja em que sua v\u00f3 frequentava.<\/p>\n<p style=\"text-align: justify;\">Grande f\u00e3 de toda a cultura hip hop nacional e internacional, Carolzi teve a oportunidade de conhecer alguns produtores e beatmakers da cena underground do rap paulista e apresentar suas composi\u00e7\u00f5es, resultando em algumas parcerias. Desde ent\u00e3o, a cantora j\u00e1 se apresentou em eventos regionais e tamb\u00e9m participou do festival universit\u00e1rio \u201cFun Music Festival\u201d, na cidade de Curitiba.<\/p>\n<p style=\"text-align: justify;\">Em janeiro de 2017, Carolzi lan\u00e7a seu single chamado \u201cRoubando Aten\u00e7\u00e3o\u201d que far\u00e1 parte do EP \u201cHerdeira dos Meus\u201d, com previs\u00e3o de lan\u00e7amento para o segundo semestre do ano. A m\u00fasica, produzida por Solanno Matos e Caue Alvarenga, tem propositalmente um instrumental dan\u00e7ante, uma marca registrada da cantora, perfeito para rolar nas pistas, mas trazendo rimas com mensagens importantes principalmente sobre a posi\u00e7\u00e3o da mulher em algumas situa\u00e7\u00f5es da vida e da carreira musical. Em resumo, o som \u00e9 um desabafo sobre situa\u00e7\u00f5es em que nos colocam para baixo, por\u00e9m, fortes que somos, resistimos de cabe\u00e7a erguida, ou seja, \u00e9 uma m\u00fasica para firmar a auto estima de todos, mas principalmente das mulheres.&nbsp;<\/p>\n<p><iframe loading=\"lazy\" src=\"https:\/\/www.youtube.com\/embed\/nGKtc4ki7o0\" width=\"608\" height=\"325\" frameborder=\"0\" allowfullscreen=\"allowfullscreen\"><\/iframe><\/p>\n","protected":false},"excerpt":{"rendered":"<p>Caroline dos Santos, nascida no dia 9 de fevereiro de 1993, na zona leste da<\/p>\n","protected":false},"author":2,"featured_media":26523,"comment_status":"open","ping_status":"open","sticky":false,"template":"","format":"standard","meta":{"_monsterinsights_skip_tracking":false,"ngg_post_thumbnail":0,"footnotes":""},"categories":[1],"tags":[5719,5721,3307,5720],"class_list":["post-26522","post","type-post","status-publish","format-standard","has-post-thumbnail","hentry","category-saindo-do-forno","tag-carolzi","tag-caue-alvarenga","tag-hip-hop","tag-solanno-matos"],"yoast_head":"<!-- This site is optimized with the Yoast SEO plugin v28.4 - https:\/\/yoast.com\/product\/yoast-seo-wordpress\/ -->\n<title>Carolzi lan\u00e7a primeiro single do EP &quot;Herdeira dos Meus&quot; - Polifonia Perif\u00e9rica<\/title>\n<meta name=\"robots\" content=\"index, follow, max-snippet:-1, max-image-preview:large, max-video-preview:-1\" \/>\n<link rel=\"canonical\" href=\"https:\/\/www.polifoniaperiferica.com.br\/?p=26522\" \/>\n<meta property=\"og:locale\" content=\"pt_BR\" \/>\n<meta property=\"og:type\" content=\"article\" \/>\n<meta property=\"og:title\" content=\"Carolzi lan\u00e7a primeiro single do EP &quot;Herdeira dos Meus&quot; - Polifonia Perif\u00e9rica\" \/>\n<meta property=\"og:description\" content=\"Caroline dos Santos, nascida no dia 9 de fevereiro de 1993, na zona leste da\" \/>\n<meta property=\"og:url\" content=\"https:\/\/www.polifoniaperiferica.com.br\/?p=26522\" \/>\n<meta property=\"og:site_name\" content=\"Polifonia Perif\u00e9rica\" \/>\n<meta property=\"article:publisher\" content=\"https:\/\/www.facebook.com\/sitePolifoniaPeriferica\/\" \/>\n<meta property=\"article:published_time\" content=\"2017-01-26T19:31:33+00:00\" \/>\n<meta property=\"og:image\" content=\"https:\/\/polifoniaperiferica.com.br\/wp-content\/uploads\/2017\/01\/Carolzi.png\" \/>\n\t<meta property=\"og:image:width\" content=\"600\" \/>\n\t<meta property=\"og:image:height\" content=\"600\" \/>\n\t<meta property=\"og:image:type\" content=\"image\/png\" \/>\n<meta name=\"author\" content=\"Rociclei\" \/>\n<meta name=\"twitter:card\" content=\"summary_large_image\" \/>\n<meta name=\"twitter:creator\" content=\"@PolifoniaP\" \/>\n<meta name=\"twitter:site\" content=\"@PolifoniaP\" \/>\n<meta name=\"twitter:label1\" content=\"Escrito por\" \/>\n\t<meta name=\"twitter:data1\" content=\"Rociclei\" \/>\n\t<meta name=\"twitter:label2\" content=\"Est. tempo de leitura\" \/>\n\t<meta name=\"twitter:data2\" content=\"1 minuto\" \/>\n<script type=\"application\/ld+json\" class=\"yoast-schema-graph\">{\"@context\":\"https:\\\/\\\/schema.org\",\"@graph\":[{\"@type\":\"Article\",\"@id\":\"https:\\\/\\\/www.polifoniaperiferica.com.br\\\/?p=26522#article\",\"isPartOf\":{\"@id\":\"https:\\\/\\\/www.polifoniaperiferica.com.br\\\/?p=26522\"},\"author\":{\"name\":\"Rociclei\",\"@id\":\"https:\\\/\\\/www.polifoniaperiferica.com.br\\\/#\\\/schema\\\/person\\\/d0f20895493aadce1517b426a22855dc\"},\"headline\":\"Carolzi lan\u00e7a primeiro single do EP &#8220;Herdeira dos Meus&#8221;\",\"datePublished\":\"2017-01-26T19:31:33+00:00\",\"mainEntityOfPage\":{\"@id\":\"https:\\\/\\\/www.polifoniaperiferica.com.br\\\/?p=26522\"},\"wordCount\":248,\"commentCount\":1,\"publisher\":{\"@id\":\"https:\\\/\\\/www.polifoniaperiferica.com.br\\\/#organization\"},\"image\":{\"@id\":\"https:\\\/\\\/www.polifoniaperiferica.com.br\\\/?p=26522#primaryimage\"},\"thumbnailUrl\":\"https:\\\/\\\/polifoniaperiferica.com.br\\\/wp-content\\\/uploads\\\/2017\\\/01\\\/Carolzi.png\",\"keywords\":[\"Carolzi\",\"Caue Alvarenga\",\"hip hop\",\"Solanno Matos\"],\"articleSection\":[\"Lan\u00e7amentos\"],\"inLanguage\":\"pt-BR\",\"potentialAction\":[{\"@type\":\"CommentAction\",\"name\":\"Comment\",\"target\":[\"https:\\\/\\\/www.polifoniaperiferica.com.br\\\/?p=26522#respond\"]}]},{\"@type\":\"WebPage\",\"@id\":\"https:\\\/\\\/www.polifoniaperiferica.com.br\\\/?p=26522\",\"url\":\"https:\\\/\\\/www.polifoniaperiferica.com.br\\\/?p=26522\",\"name\":\"Carolzi lan\u00e7a primeiro single do EP \\\"Herdeira dos Meus\\\" - Polifonia Perif\u00e9rica\",\"isPartOf\":{\"@id\":\"https:\\\/\\\/www.polifoniaperiferica.com.br\\\/#website\"},\"primaryImageOfPage\":{\"@id\":\"https:\\\/\\\/www.polifoniaperiferica.com.br\\\/?p=26522#primaryimage\"},\"image\":{\"@id\":\"https:\\\/\\\/www.polifoniaperiferica.com.br\\\/?p=26522#primaryimage\"},\"thumbnailUrl\":\"https:\\\/\\\/polifoniaperiferica.com.br\\\/wp-content\\\/uploads\\\/2017\\\/01\\\/Carolzi.png\",\"datePublished\":\"2017-01-26T19:31:33+00:00\",\"breadcrumb\":{\"@id\":\"https:\\\/\\\/www.polifoniaperiferica.com.br\\\/?p=26522#breadcrumb\"},\"inLanguage\":\"pt-BR\",\"potentialAction\":[{\"@type\":\"ReadAction\",\"target\":[\"https:\\\/\\\/www.polifoniaperiferica.com.br\\\/?p=26522\"]}]},{\"@type\":\"ImageObject\",\"inLanguage\":\"pt-BR\",\"@id\":\"https:\\\/\\\/www.polifoniaperiferica.com.br\\\/?p=26522#primaryimage\",\"url\":\"https:\\\/\\\/polifoniaperiferica.com.br\\\/wp-content\\\/uploads\\\/2017\\\/01\\\/Carolzi.png\",\"contentUrl\":\"https:\\\/\\\/polifoniaperiferica.com.br\\\/wp-content\\\/uploads\\\/2017\\\/01\\\/Carolzi.png\",\"width\":600,\"height\":600},{\"@type\":\"BreadcrumbList\",\"@id\":\"https:\\\/\\\/www.polifoniaperiferica.com.br\\\/?p=26522#breadcrumb\",\"itemListElement\":[{\"@type\":\"ListItem\",\"position\":1,\"name\":\"In\u00edcio\",\"item\":\"https:\\\/\\\/www.polifoniaperiferica.com.br\\\/\"},{\"@type\":\"ListItem\",\"position\":2,\"name\":\"Carolzi lan\u00e7a primeiro single do EP &#8220;Herdeira dos Meus&#8221;\"}]},{\"@type\":\"WebSite\",\"@id\":\"https:\\\/\\\/www.polifoniaperiferica.com.br\\\/#website\",\"url\":\"https:\\\/\\\/www.polifoniaperiferica.com.br\\\/\",\"name\":\"Polifonia Perif\u00e9rica\",\"description\":\"Vozes que Ecoam, Artes que Transformam\",\"publisher\":{\"@id\":\"https:\\\/\\\/www.polifoniaperiferica.com.br\\\/#organization\"},\"potentialAction\":[{\"@type\":\"SearchAction\",\"target\":{\"@type\":\"EntryPoint\",\"urlTemplate\":\"https:\\\/\\\/www.polifoniaperiferica.com.br\\\/?s={search_term_string}\"},\"query-input\":{\"@type\":\"PropertyValueSpecification\",\"valueRequired\":true,\"valueName\":\"search_term_string\"}}],\"inLanguage\":\"pt-BR\"},{\"@type\":\"Organization\",\"@id\":\"https:\\\/\\\/www.polifoniaperiferica.com.br\\\/#organization\",\"name\":\"Polifonia Perif\u00e9rica\",\"url\":\"https:\\\/\\\/www.polifoniaperiferica.com.br\\\/\",\"logo\":{\"@type\":\"ImageObject\",\"inLanguage\":\"pt-BR\",\"@id\":\"https:\\\/\\\/www.polifoniaperiferica.com.br\\\/#\\\/schema\\\/logo\\\/image\\\/\",\"url\":\"https:\\\/\\\/polifoniaperiferica.com.br\\\/wp-content\\\/uploads\\\/2016\\\/06\\\/Polifonia-Periferica.jpg\",\"contentUrl\":\"https:\\\/\\\/polifoniaperiferica.com.br\\\/wp-content\\\/uploads\\\/2016\\\/06\\\/Polifonia-Periferica.jpg\",\"width\":855,\"height\":373,\"caption\":\"Polifonia Perif\u00e9rica\"},\"image\":{\"@id\":\"https:\\\/\\\/www.polifoniaperiferica.com.br\\\/#\\\/schema\\\/logo\\\/image\\\/\"},\"sameAs\":[\"https:\\\/\\\/www.facebook.com\\\/sitePolifoniaPeriferica\\\/\",\"https:\\\/\\\/x.com\\\/PolifoniaP\",\"https:\\\/\\\/www.instagram.com\\\/polifoniaperiferica\"]},{\"@type\":\"Person\",\"@id\":\"https:\\\/\\\/www.polifoniaperiferica.com.br\\\/#\\\/schema\\\/person\\\/d0f20895493aadce1517b426a22855dc\",\"name\":\"Rociclei\",\"image\":{\"@type\":\"ImageObject\",\"inLanguage\":\"pt-BR\",\"@id\":\"https:\\\/\\\/secure.gravatar.com\\\/avatar\\\/9f529ac0e773653834d07ab3cab421a15d7da91260b339788dbfd0203323ec33?s=96&d=mm&r=g\",\"url\":\"https:\\\/\\\/secure.gravatar.com\\\/avatar\\\/9f529ac0e773653834d07ab3cab421a15d7da91260b339788dbfd0203323ec33?s=96&d=mm&r=g\",\"contentUrl\":\"https:\\\/\\\/secure.gravatar.com\\\/avatar\\\/9f529ac0e773653834d07ab3cab421a15d7da91260b339788dbfd0203323ec33?s=96&d=mm&r=g\",\"caption\":\"Rociclei\"},\"sameAs\":[\"http:\\\/\\\/www.polifoniaperiferica.com.br\"],\"url\":\"https:\\\/\\\/www.polifoniaperiferica.com.br\\\/?author=2\"}]}<\/script>\n<!-- \/ Yoast SEO plugin. -->","yoast_head_json":{"title":"Carolzi lan\u00e7a primeiro single do EP \"Herdeira dos Meus\" - Polifonia Perif\u00e9rica","robots":{"index":"index","follow":"follow","max-snippet":"max-snippet:-1","max-image-preview":"max-image-preview:large","max-video-preview":"max-video-preview:-1"},"canonical":"https:\/\/www.polifoniaperiferica.com.br\/?p=26522","og_locale":"pt_BR","og_type":"article","og_title":"Carolzi lan\u00e7a primeiro single do EP \"Herdeira dos Meus\" - Polifonia Perif\u00e9rica","og_description":"Caroline dos Santos, nascida no dia 9 de fevereiro de 1993, na zona leste da","og_url":"https:\/\/www.polifoniaperiferica.com.br\/?p=26522","og_site_name":"Polifonia Perif\u00e9rica","article_publisher":"https:\/\/www.facebook.com\/sitePolifoniaPeriferica\/","article_published_time":"2017-01-26T19:31:33+00:00","og_image":[{"width":600,"height":600,"url":"https:\/\/polifoniaperiferica.com.br\/wp-content\/uploads\/2017\/01\/Carolzi.png","type":"image\/png"}],"author":"Rociclei","twitter_card":"summary_large_image","twitter_creator":"@PolifoniaP","twitter_site":"@PolifoniaP","twitter_misc":{"Escrito por":"Rociclei","Est. tempo de leitura":"1 minuto"},"schema":{"@context":"https:\/\/schema.org","@graph":[{"@type":"Article","@id":"https:\/\/www.polifoniaperiferica.com.br\/?p=26522#article","isPartOf":{"@id":"https:\/\/www.polifoniaperiferica.com.br\/?p=26522"},"author":{"name":"Rociclei","@id":"https:\/\/www.polifoniaperiferica.com.br\/#\/schema\/person\/d0f20895493aadce1517b426a22855dc"},"headline":"Carolzi lan\u00e7a primeiro single do EP &#8220;Herdeira dos Meus&#8221;","datePublished":"2017-01-26T19:31:33+00:00","mainEntityOfPage":{"@id":"https:\/\/www.polifoniaperiferica.com.br\/?p=26522"},"wordCount":248,"commentCount":1,"publisher":{"@id":"https:\/\/www.polifoniaperiferica.com.br\/#organization"},"image":{"@id":"https:\/\/www.polifoniaperiferica.com.br\/?p=26522#primaryimage"},"thumbnailUrl":"https:\/\/polifoniaperiferica.com.br\/wp-content\/uploads\/2017\/01\/Carolzi.png","keywords":["Carolzi","Caue Alvarenga","hip hop","Solanno Matos"],"articleSection":["Lan\u00e7amentos"],"inLanguage":"pt-BR","potentialAction":[{"@type":"CommentAction","name":"Comment","target":["https:\/\/www.polifoniaperiferica.com.br\/?p=26522#respond"]}]},{"@type":"WebPage","@id":"https:\/\/www.polifoniaperiferica.com.br\/?p=26522","url":"https:\/\/www.polifoniaperiferica.com.br\/?p=26522","name":"Carolzi lan\u00e7a primeiro single do EP \"Herdeira dos Meus\" - Polifonia Perif\u00e9rica","isPartOf":{"@id":"https:\/\/www.polifoniaperiferica.com.br\/#website"},"primaryImageOfPage":{"@id":"https:\/\/www.polifoniaperiferica.com.br\/?p=26522#primaryimage"},"image":{"@id":"https:\/\/www.polifoniaperiferica.com.br\/?p=26522#primaryimage"},"thumbnailUrl":"https:\/\/polifoniaperiferica.com.br\/wp-content\/uploads\/2017\/01\/Carolzi.png","datePublished":"2017-01-26T19:31:33+00:00","breadcrumb":{"@id":"https:\/\/www.polifoniaperiferica.com.br\/?p=26522#breadcrumb"},"inLanguage":"pt-BR","potentialAction":[{"@type":"ReadAction","target":["https:\/\/www.polifoniaperiferica.com.br\/?p=26522"]}]},{"@type":"ImageObject","inLanguage":"pt-BR","@id":"https:\/\/www.polifoniaperiferica.com.br\/?p=26522#primaryimage","url":"https:\/\/polifoniaperiferica.com.br\/wp-content\/uploads\/2017\/01\/Carolzi.png","contentUrl":"https:\/\/polifoniaperiferica.com.br\/wp-content\/uploads\/2017\/01\/Carolzi.png","width":600,"height":600},{"@type":"BreadcrumbList","@id":"https:\/\/www.polifoniaperiferica.com.br\/?p=26522#breadcrumb","itemListElement":[{"@type":"ListItem","position":1,"name":"In\u00edcio","item":"https:\/\/www.polifoniaperiferica.com.br\/"},{"@type":"ListItem","position":2,"name":"Carolzi lan\u00e7a primeiro single do EP &#8220;Herdeira dos Meus&#8221;"}]},{"@type":"WebSite","@id":"https:\/\/www.polifoniaperiferica.com.br\/#website","url":"https:\/\/www.polifoniaperiferica.com.br\/","name":"Polifonia Perif\u00e9rica","description":"Vozes que Ecoam, Artes que Transformam","publisher":{"@id":"https:\/\/www.polifoniaperiferica.com.br\/#organization"},"potentialAction":[{"@type":"SearchAction","target":{"@type":"EntryPoint","urlTemplate":"https:\/\/www.polifoniaperiferica.com.br\/?s={search_term_string}"},"query-input":{"@type":"PropertyValueSpecification","valueRequired":true,"valueName":"search_term_string"}}],"inLanguage":"pt-BR"},{"@type":"Organization","@id":"https:\/\/www.polifoniaperiferica.com.br\/#organization","name":"Polifonia Perif\u00e9rica","url":"https:\/\/www.polifoniaperiferica.com.br\/","logo":{"@type":"ImageObject","inLanguage":"pt-BR","@id":"https:\/\/www.polifoniaperiferica.com.br\/#\/schema\/logo\/image\/","url":"https:\/\/polifoniaperiferica.com.br\/wp-content\/uploads\/2016\/06\/Polifonia-Periferica.jpg","contentUrl":"https:\/\/polifoniaperiferica.com.br\/wp-content\/uploads\/2016\/06\/Polifonia-Periferica.jpg","width":855,"height":373,"caption":"Polifonia Perif\u00e9rica"},"image":{"@id":"https:\/\/www.polifoniaperiferica.com.br\/#\/schema\/logo\/image\/"},"sameAs":["https:\/\/www.facebook.com\/sitePolifoniaPeriferica\/","https:\/\/x.com\/PolifoniaP","https:\/\/www.instagram.com\/polifoniaperiferica"]},{"@type":"Person","@id":"https:\/\/www.polifoniaperiferica.com.br\/#\/schema\/person\/d0f20895493aadce1517b426a22855dc","name":"Rociclei","image":{"@type":"ImageObject","inLanguage":"pt-BR","@id":"https:\/\/secure.gravatar.com\/avatar\/9f529ac0e773653834d07ab3cab421a15d7da91260b339788dbfd0203323ec33?s=96&d=mm&r=g","url":"https:\/\/secure.gravatar.com\/avatar\/9f529ac0e773653834d07ab3cab421a15d7da91260b339788dbfd0203323ec33?s=96&d=mm&r=g","contentUrl":"https:\/\/secure.gravatar.com\/avatar\/9f529ac0e773653834d07ab3cab421a15d7da91260b339788dbfd0203323ec33?s=96&d=mm&r=g","caption":"Rociclei"},"sameAs":["http:\/\/www.polifoniaperiferica.com.br"],"url":"https:\/\/www.polifoniaperiferica.com.br\/?author=2"}]}},"_links":{"self":[{"href":"https:\/\/www.polifoniaperiferica.com.br\/index.php?rest_route=\/wp\/v2\/posts\/26522","targetHints":{"allow":["GET"]}}],"collection":[{"href":"https:\/\/www.polifoniaperiferica.com.br\/index.php?rest_route=\/wp\/v2\/posts"}],"about":[{"href":"https:\/\/www.polifoniaperiferica.com.br\/index.php?rest_route=\/wp\/v2\/types\/post"}],"author":[{"embeddable":true,"href":"https:\/\/www.polifoniaperiferica.com.br\/index.php?rest_route=\/wp\/v2\/users\/2"}],"replies":[{"embeddable":true,"href":"https:\/\/www.polifoniaperiferica.com.br\/index.php?rest_route=%2Fwp%2Fv2%2Fcomments&post=26522"}],"version-history":[{"count":1,"href":"https:\/\/www.polifoniaperiferica.com.br\/index.php?rest_route=\/wp\/v2\/posts\/26522\/revisions"}],"predecessor-version":[{"id":26524,"href":"https:\/\/www.polifoniaperiferica.com.br\/index.php?rest_route=\/wp\/v2\/posts\/26522\/revisions\/26524"}],"wp:featuredmedia":[{"embeddable":true,"href":"https:\/\/www.polifoniaperiferica.com.br\/index.php?rest_route=\/wp\/v2\/media\/26523"}],"wp:attachment":[{"href":"https:\/\/www.polifoniaperiferica.com.br\/index.php?rest_route=%2Fwp%2Fv2%2Fmedia&parent=26522"}],"wp:term":[{"taxonomy":"category","embeddable":true,"href":"https:\/\/www.polifoniaperiferica.com.br\/index.php?rest_route=%2Fwp%2Fv2%2Fcategories&post=26522"},{"taxonomy":"post_tag","embeddable":true,"href":"https:\/\/www.polifoniaperiferica.com.br\/index.php?rest_route=%2Fwp%2Fv2%2Ftags&post=26522"}],"curies":[{"name":"wp","href":"https:\/\/api.w.org\/{rel}","templated":true}]}}