{"id":25766,"date":"2016-12-28T18:53:13","date_gmt":"2016-12-28T18:53:13","guid":{"rendered":"http:\/\/www.polifoniaperiferica.com.br\/?p=25766"},"modified":"2016-12-29T01:21:58","modified_gmt":"2016-12-29T01:21:58","slug":"ouca-o-sol-ja-vem-primeiro-ep-oficial-de-mc-cafeffiro","status":"publish","type":"post","link":"https:\/\/www.polifoniaperiferica.com.br\/?p=25766","title":{"rendered":"Ou\u00e7a \u2018O Sol J\u00e1 Vem\u2019, primeiro EP oficial de MC Cafeffiro"},"content":{"rendered":"<p style=\"text-align: justify;\">No apagar das luzes de 2016 surge o EP \u201c<strong>O Sol J\u00e1 Vem<\/strong>\u201d, primeiro \u00e1lbum oficial do <strong>Mc Cafeffiro<\/strong> de Franca-SP. \u201c<strong>O Sol J\u00e1 Vem<\/strong>\u201d \u00e9 composto das faixas: &#8220;<strong>O Sol J\u00e1 vem<\/strong>&#8221; (prod. eMyAXis), &#8220;<strong>Meu C\u00f3digo&#8221;<\/strong> (prod. GHXST), &#8220;<strong>Regalia<\/strong>&#8221; (prod. TVMINO) e &#8220;<strong>EsseSom\u00c9SADico<\/strong>&#8221; (Releitura~ XXXTENTACION &#8211; &#8220;I spoke to the devil in Miami, he said everything would be fine&#8221;). O EP \u00e9 constitu\u00eddo de quatros faixas criadas dentro de um quarto, sem est\u00fadio, sem dinheiro para beat exclusivo e sem mix\/masteriza\u00e7\u00e3o profissional, mas produzidas com o cora\u00e7\u00e3o e muito amor ao rap. Esse \u00e9 o jovem e talentoso <strong>Mc Cafeffiro<\/strong>.<\/p>\n<p style=\"text-align: justify;\">\u2013 Eu nunca fui muito do tipo de escrever sobre protesto ou pol\u00edtica, deixo isso pra quem sabe e quem entende, pros caras da velha guarda, quem sofreu mesmo, bagulho de quebrada, n\u00e3o que eu n\u00e3o apoie esse tipo de letra, \u00e9 essencial pra n\u00f3s do Rap. Gosto muito de abordar o mundo como um todo baseado nas minhas vis\u00f5es, gosto muito de usar refer\u00eancias, causar impacto em quem t\u00e1 ouvindo pra eles pensarem de onde surgiu o sentido das linhas e pesquisar sobre. Os temas s\u00e3o minha vida, meus medos, minha vis\u00e3o de mundo \u2013 disse <strong>Cafeffiro<\/strong>&nbsp;ao explicar as tem\u00e1ticas do EP.<\/p>\n<p><iframe loading=\"lazy\" src=\"https:\/\/www.youtube.com\/embed\/P2oUdd_3qh4\" width=\"608\" height=\"325\" frameborder=\"0\" allowfullscreen=\"allowfullscreen\"><\/iframe><\/p>\n","protected":false},"excerpt":{"rendered":"<p>No apagar das luzes de 2016 surge o EP \u201cO Sol J\u00e1 Vem\u201d, primeiro \u00e1lbum<\/p>\n","protected":false},"author":2,"featured_media":25767,"comment_status":"open","ping_status":"open","sticky":false,"template":"","format":"standard","meta":{"_monsterinsights_skip_tracking":false,"ngg_post_thumbnail":0,"footnotes":""},"categories":[1],"tags":[3215,5413,3316],"class_list":["post-25766","post","type-post","status-publish","format-standard","has-post-thumbnail","hentry","category-saindo-do-forno","tag-franca-sp","tag-mc-cafeffiro","tag-rap"],"yoast_head":"<!-- This site is optimized with the Yoast SEO plugin v28.3 - https:\/\/yoast.com\/product\/yoast-seo-wordpress\/ -->\n<title>Ou\u00e7a \u2018O Sol J\u00e1 Vem\u2019, primeiro EP oficial de MC Cafeffiro - Polifonia Perif\u00e9rica<\/title>\n<meta name=\"robots\" content=\"index, follow, max-snippet:-1, max-image-preview:large, max-video-preview:-1\" \/>\n<link rel=\"canonical\" href=\"https:\/\/www.polifoniaperiferica.com.br\/?p=25766\" \/>\n<meta property=\"og:locale\" content=\"pt_BR\" \/>\n<meta property=\"og:type\" content=\"article\" \/>\n<meta property=\"og:title\" content=\"Ou\u00e7a \u2018O Sol J\u00e1 Vem\u2019, primeiro EP oficial de MC Cafeffiro - Polifonia Perif\u00e9rica\" \/>\n<meta property=\"og:description\" content=\"No apagar das luzes de 2016 surge o EP \u201cO Sol J\u00e1 Vem\u201d, primeiro \u00e1lbum\" \/>\n<meta property=\"og:url\" content=\"https:\/\/www.polifoniaperiferica.com.br\/?p=25766\" \/>\n<meta property=\"og:site_name\" content=\"Polifonia Perif\u00e9rica\" \/>\n<meta property=\"article:publisher\" content=\"https:\/\/www.facebook.com\/sitePolifoniaPeriferica\/\" \/>\n<meta property=\"article:published_time\" content=\"2016-12-28T18:53:13+00:00\" \/>\n<meta property=\"article:modified_time\" content=\"2016-12-29T01:21:58+00:00\" \/>\n<meta property=\"og:image\" content=\"https:\/\/polifoniaperiferica.com.br\/wp-content\/uploads\/2016\/12\/MC-Cafeffiro-O-Sol-j\u00e1-Vem.jpg\" \/>\n\t<meta property=\"og:image:width\" content=\"720\" \/>\n\t<meta property=\"og:image:height\" content=\"540\" \/>\n\t<meta property=\"og:image:type\" content=\"image\/jpeg\" \/>\n<meta name=\"author\" content=\"Rociclei\" \/>\n<meta name=\"twitter:card\" content=\"summary_large_image\" \/>\n<meta name=\"twitter:creator\" content=\"@PolifoniaP\" \/>\n<meta name=\"twitter:site\" content=\"@PolifoniaP\" \/>\n<meta name=\"twitter:label1\" content=\"Escrito por\" \/>\n\t<meta name=\"twitter:data1\" content=\"Rociclei\" \/>\n\t<meta name=\"twitter:label2\" content=\"Est. tempo de leitura\" \/>\n\t<meta name=\"twitter:data2\" content=\"1 minuto\" \/>\n<script type=\"application\/ld+json\" class=\"yoast-schema-graph\">{\"@context\":\"https:\\\/\\\/schema.org\",\"@graph\":[{\"@type\":\"Article\",\"@id\":\"https:\\\/\\\/www.polifoniaperiferica.com.br\\\/?p=25766#article\",\"isPartOf\":{\"@id\":\"https:\\\/\\\/www.polifoniaperiferica.com.br\\\/?p=25766\"},\"author\":{\"name\":\"Rociclei\",\"@id\":\"https:\\\/\\\/www.polifoniaperiferica.com.br\\\/#\\\/schema\\\/person\\\/d0f20895493aadce1517b426a22855dc\"},\"headline\":\"Ou\u00e7a \u2018O Sol J\u00e1 Vem\u2019, primeiro EP oficial de MC Cafeffiro\",\"datePublished\":\"2016-12-28T18:53:13+00:00\",\"dateModified\":\"2016-12-29T01:21:58+00:00\",\"mainEntityOfPage\":{\"@id\":\"https:\\\/\\\/www.polifoniaperiferica.com.br\\\/?p=25766\"},\"wordCount\":227,\"commentCount\":0,\"publisher\":{\"@id\":\"https:\\\/\\\/www.polifoniaperiferica.com.br\\\/#organization\"},\"image\":{\"@id\":\"https:\\\/\\\/www.polifoniaperiferica.com.br\\\/?p=25766#primaryimage\"},\"thumbnailUrl\":\"https:\\\/\\\/polifoniaperiferica.com.br\\\/wp-content\\\/uploads\\\/2016\\\/12\\\/MC-Cafeffiro-O-Sol-j\u00e1-Vem.jpg\",\"keywords\":[\"Franca-SP\",\"Mc Cafeffiro\",\"rap\"],\"articleSection\":[\"Lan\u00e7amentos\"],\"inLanguage\":\"pt-BR\",\"potentialAction\":[{\"@type\":\"CommentAction\",\"name\":\"Comment\",\"target\":[\"https:\\\/\\\/www.polifoniaperiferica.com.br\\\/?p=25766#respond\"]}]},{\"@type\":\"WebPage\",\"@id\":\"https:\\\/\\\/www.polifoniaperiferica.com.br\\\/?p=25766\",\"url\":\"https:\\\/\\\/www.polifoniaperiferica.com.br\\\/?p=25766\",\"name\":\"Ou\u00e7a \u2018O Sol J\u00e1 Vem\u2019, primeiro EP oficial de MC Cafeffiro - Polifonia Perif\u00e9rica\",\"isPartOf\":{\"@id\":\"https:\\\/\\\/www.polifoniaperiferica.com.br\\\/#website\"},\"primaryImageOfPage\":{\"@id\":\"https:\\\/\\\/www.polifoniaperiferica.com.br\\\/?p=25766#primaryimage\"},\"image\":{\"@id\":\"https:\\\/\\\/www.polifoniaperiferica.com.br\\\/?p=25766#primaryimage\"},\"thumbnailUrl\":\"https:\\\/\\\/polifoniaperiferica.com.br\\\/wp-content\\\/uploads\\\/2016\\\/12\\\/MC-Cafeffiro-O-Sol-j\u00e1-Vem.jpg\",\"datePublished\":\"2016-12-28T18:53:13+00:00\",\"dateModified\":\"2016-12-29T01:21:58+00:00\",\"breadcrumb\":{\"@id\":\"https:\\\/\\\/www.polifoniaperiferica.com.br\\\/?p=25766#breadcrumb\"},\"inLanguage\":\"pt-BR\",\"potentialAction\":[{\"@type\":\"ReadAction\",\"target\":[\"https:\\\/\\\/www.polifoniaperiferica.com.br\\\/?p=25766\"]}]},{\"@type\":\"ImageObject\",\"inLanguage\":\"pt-BR\",\"@id\":\"https:\\\/\\\/www.polifoniaperiferica.com.br\\\/?p=25766#primaryimage\",\"url\":\"https:\\\/\\\/polifoniaperiferica.com.br\\\/wp-content\\\/uploads\\\/2016\\\/12\\\/MC-Cafeffiro-O-Sol-j\u00e1-Vem.jpg\",\"contentUrl\":\"https:\\\/\\\/polifoniaperiferica.com.br\\\/wp-content\\\/uploads\\\/2016\\\/12\\\/MC-Cafeffiro-O-Sol-j\u00e1-Vem.jpg\",\"width\":720,\"height\":540},{\"@type\":\"BreadcrumbList\",\"@id\":\"https:\\\/\\\/www.polifoniaperiferica.com.br\\\/?p=25766#breadcrumb\",\"itemListElement\":[{\"@type\":\"ListItem\",\"position\":1,\"name\":\"In\u00edcio\",\"item\":\"https:\\\/\\\/www.polifoniaperiferica.com.br\\\/\"},{\"@type\":\"ListItem\",\"position\":2,\"name\":\"Ou\u00e7a \u2018O Sol J\u00e1 Vem\u2019, primeiro EP oficial de MC Cafeffiro\"}]},{\"@type\":\"WebSite\",\"@id\":\"https:\\\/\\\/www.polifoniaperiferica.com.br\\\/#website\",\"url\":\"https:\\\/\\\/www.polifoniaperiferica.com.br\\\/\",\"name\":\"Polifonia Perif\u00e9rica\",\"description\":\"Vozes que Ecoam, Artes que Transformam\",\"publisher\":{\"@id\":\"https:\\\/\\\/www.polifoniaperiferica.com.br\\\/#organization\"},\"potentialAction\":[{\"@type\":\"SearchAction\",\"target\":{\"@type\":\"EntryPoint\",\"urlTemplate\":\"https:\\\/\\\/www.polifoniaperiferica.com.br\\\/?s={search_term_string}\"},\"query-input\":{\"@type\":\"PropertyValueSpecification\",\"valueRequired\":true,\"valueName\":\"search_term_string\"}}],\"inLanguage\":\"pt-BR\"},{\"@type\":\"Organization\",\"@id\":\"https:\\\/\\\/www.polifoniaperiferica.com.br\\\/#organization\",\"name\":\"Polifonia Perif\u00e9rica\",\"url\":\"https:\\\/\\\/www.polifoniaperiferica.com.br\\\/\",\"logo\":{\"@type\":\"ImageObject\",\"inLanguage\":\"pt-BR\",\"@id\":\"https:\\\/\\\/www.polifoniaperiferica.com.br\\\/#\\\/schema\\\/logo\\\/image\\\/\",\"url\":\"https:\\\/\\\/polifoniaperiferica.com.br\\\/wp-content\\\/uploads\\\/2016\\\/06\\\/Polifonia-Periferica.jpg\",\"contentUrl\":\"https:\\\/\\\/polifoniaperiferica.com.br\\\/wp-content\\\/uploads\\\/2016\\\/06\\\/Polifonia-Periferica.jpg\",\"width\":855,\"height\":373,\"caption\":\"Polifonia Perif\u00e9rica\"},\"image\":{\"@id\":\"https:\\\/\\\/www.polifoniaperiferica.com.br\\\/#\\\/schema\\\/logo\\\/image\\\/\"},\"sameAs\":[\"https:\\\/\\\/www.facebook.com\\\/sitePolifoniaPeriferica\\\/\",\"https:\\\/\\\/x.com\\\/PolifoniaP\",\"https:\\\/\\\/www.instagram.com\\\/polifoniaperiferica\"]},{\"@type\":\"Person\",\"@id\":\"https:\\\/\\\/www.polifoniaperiferica.com.br\\\/#\\\/schema\\\/person\\\/d0f20895493aadce1517b426a22855dc\",\"name\":\"Rociclei\",\"image\":{\"@type\":\"ImageObject\",\"inLanguage\":\"pt-BR\",\"@id\":\"https:\\\/\\\/secure.gravatar.com\\\/avatar\\\/9f529ac0e773653834d07ab3cab421a15d7da91260b339788dbfd0203323ec33?s=96&d=mm&r=g\",\"url\":\"https:\\\/\\\/secure.gravatar.com\\\/avatar\\\/9f529ac0e773653834d07ab3cab421a15d7da91260b339788dbfd0203323ec33?s=96&d=mm&r=g\",\"contentUrl\":\"https:\\\/\\\/secure.gravatar.com\\\/avatar\\\/9f529ac0e773653834d07ab3cab421a15d7da91260b339788dbfd0203323ec33?s=96&d=mm&r=g\",\"caption\":\"Rociclei\"},\"sameAs\":[\"http:\\\/\\\/www.polifoniaperiferica.com.br\"],\"url\":\"https:\\\/\\\/www.polifoniaperiferica.com.br\\\/?author=2\"}]}<\/script>\n<!-- \/ Yoast SEO plugin. -->","yoast_head_json":{"title":"Ou\u00e7a \u2018O Sol J\u00e1 Vem\u2019, primeiro EP oficial de MC Cafeffiro - Polifonia Perif\u00e9rica","robots":{"index":"index","follow":"follow","max-snippet":"max-snippet:-1","max-image-preview":"max-image-preview:large","max-video-preview":"max-video-preview:-1"},"canonical":"https:\/\/www.polifoniaperiferica.com.br\/?p=25766","og_locale":"pt_BR","og_type":"article","og_title":"Ou\u00e7a \u2018O Sol J\u00e1 Vem\u2019, primeiro EP oficial de MC Cafeffiro - Polifonia Perif\u00e9rica","og_description":"No apagar das luzes de 2016 surge o EP \u201cO Sol J\u00e1 Vem\u201d, primeiro \u00e1lbum","og_url":"https:\/\/www.polifoniaperiferica.com.br\/?p=25766","og_site_name":"Polifonia Perif\u00e9rica","article_publisher":"https:\/\/www.facebook.com\/sitePolifoniaPeriferica\/","article_published_time":"2016-12-28T18:53:13+00:00","article_modified_time":"2016-12-29T01:21:58+00:00","og_image":[{"width":720,"height":540,"url":"https:\/\/polifoniaperiferica.com.br\/wp-content\/uploads\/2016\/12\/MC-Cafeffiro-O-Sol-j\u00e1-Vem.jpg","type":"image\/jpeg"}],"author":"Rociclei","twitter_card":"summary_large_image","twitter_creator":"@PolifoniaP","twitter_site":"@PolifoniaP","twitter_misc":{"Escrito por":"Rociclei","Est. tempo de leitura":"1 minuto"},"schema":{"@context":"https:\/\/schema.org","@graph":[{"@type":"Article","@id":"https:\/\/www.polifoniaperiferica.com.br\/?p=25766#article","isPartOf":{"@id":"https:\/\/www.polifoniaperiferica.com.br\/?p=25766"},"author":{"name":"Rociclei","@id":"https:\/\/www.polifoniaperiferica.com.br\/#\/schema\/person\/d0f20895493aadce1517b426a22855dc"},"headline":"Ou\u00e7a \u2018O Sol J\u00e1 Vem\u2019, primeiro EP oficial de MC Cafeffiro","datePublished":"2016-12-28T18:53:13+00:00","dateModified":"2016-12-29T01:21:58+00:00","mainEntityOfPage":{"@id":"https:\/\/www.polifoniaperiferica.com.br\/?p=25766"},"wordCount":227,"commentCount":0,"publisher":{"@id":"https:\/\/www.polifoniaperiferica.com.br\/#organization"},"image":{"@id":"https:\/\/www.polifoniaperiferica.com.br\/?p=25766#primaryimage"},"thumbnailUrl":"https:\/\/polifoniaperiferica.com.br\/wp-content\/uploads\/2016\/12\/MC-Cafeffiro-O-Sol-j\u00e1-Vem.jpg","keywords":["Franca-SP","Mc Cafeffiro","rap"],"articleSection":["Lan\u00e7amentos"],"inLanguage":"pt-BR","potentialAction":[{"@type":"CommentAction","name":"Comment","target":["https:\/\/www.polifoniaperiferica.com.br\/?p=25766#respond"]}]},{"@type":"WebPage","@id":"https:\/\/www.polifoniaperiferica.com.br\/?p=25766","url":"https:\/\/www.polifoniaperiferica.com.br\/?p=25766","name":"Ou\u00e7a \u2018O Sol J\u00e1 Vem\u2019, primeiro EP oficial de MC Cafeffiro - Polifonia Perif\u00e9rica","isPartOf":{"@id":"https:\/\/www.polifoniaperiferica.com.br\/#website"},"primaryImageOfPage":{"@id":"https:\/\/www.polifoniaperiferica.com.br\/?p=25766#primaryimage"},"image":{"@id":"https:\/\/www.polifoniaperiferica.com.br\/?p=25766#primaryimage"},"thumbnailUrl":"https:\/\/polifoniaperiferica.com.br\/wp-content\/uploads\/2016\/12\/MC-Cafeffiro-O-Sol-j\u00e1-Vem.jpg","datePublished":"2016-12-28T18:53:13+00:00","dateModified":"2016-12-29T01:21:58+00:00","breadcrumb":{"@id":"https:\/\/www.polifoniaperiferica.com.br\/?p=25766#breadcrumb"},"inLanguage":"pt-BR","potentialAction":[{"@type":"ReadAction","target":["https:\/\/www.polifoniaperiferica.com.br\/?p=25766"]}]},{"@type":"ImageObject","inLanguage":"pt-BR","@id":"https:\/\/www.polifoniaperiferica.com.br\/?p=25766#primaryimage","url":"https:\/\/polifoniaperiferica.com.br\/wp-content\/uploads\/2016\/12\/MC-Cafeffiro-O-Sol-j\u00e1-Vem.jpg","contentUrl":"https:\/\/polifoniaperiferica.com.br\/wp-content\/uploads\/2016\/12\/MC-Cafeffiro-O-Sol-j\u00e1-Vem.jpg","width":720,"height":540},{"@type":"BreadcrumbList","@id":"https:\/\/www.polifoniaperiferica.com.br\/?p=25766#breadcrumb","itemListElement":[{"@type":"ListItem","position":1,"name":"In\u00edcio","item":"https:\/\/www.polifoniaperiferica.com.br\/"},{"@type":"ListItem","position":2,"name":"Ou\u00e7a \u2018O Sol J\u00e1 Vem\u2019, primeiro EP oficial de MC Cafeffiro"}]},{"@type":"WebSite","@id":"https:\/\/www.polifoniaperiferica.com.br\/#website","url":"https:\/\/www.polifoniaperiferica.com.br\/","name":"Polifonia Perif\u00e9rica","description":"Vozes que Ecoam, Artes que Transformam","publisher":{"@id":"https:\/\/www.polifoniaperiferica.com.br\/#organization"},"potentialAction":[{"@type":"SearchAction","target":{"@type":"EntryPoint","urlTemplate":"https:\/\/www.polifoniaperiferica.com.br\/?s={search_term_string}"},"query-input":{"@type":"PropertyValueSpecification","valueRequired":true,"valueName":"search_term_string"}}],"inLanguage":"pt-BR"},{"@type":"Organization","@id":"https:\/\/www.polifoniaperiferica.com.br\/#organization","name":"Polifonia Perif\u00e9rica","url":"https:\/\/www.polifoniaperiferica.com.br\/","logo":{"@type":"ImageObject","inLanguage":"pt-BR","@id":"https:\/\/www.polifoniaperiferica.com.br\/#\/schema\/logo\/image\/","url":"https:\/\/polifoniaperiferica.com.br\/wp-content\/uploads\/2016\/06\/Polifonia-Periferica.jpg","contentUrl":"https:\/\/polifoniaperiferica.com.br\/wp-content\/uploads\/2016\/06\/Polifonia-Periferica.jpg","width":855,"height":373,"caption":"Polifonia Perif\u00e9rica"},"image":{"@id":"https:\/\/www.polifoniaperiferica.com.br\/#\/schema\/logo\/image\/"},"sameAs":["https:\/\/www.facebook.com\/sitePolifoniaPeriferica\/","https:\/\/x.com\/PolifoniaP","https:\/\/www.instagram.com\/polifoniaperiferica"]},{"@type":"Person","@id":"https:\/\/www.polifoniaperiferica.com.br\/#\/schema\/person\/d0f20895493aadce1517b426a22855dc","name":"Rociclei","image":{"@type":"ImageObject","inLanguage":"pt-BR","@id":"https:\/\/secure.gravatar.com\/avatar\/9f529ac0e773653834d07ab3cab421a15d7da91260b339788dbfd0203323ec33?s=96&d=mm&r=g","url":"https:\/\/secure.gravatar.com\/avatar\/9f529ac0e773653834d07ab3cab421a15d7da91260b339788dbfd0203323ec33?s=96&d=mm&r=g","contentUrl":"https:\/\/secure.gravatar.com\/avatar\/9f529ac0e773653834d07ab3cab421a15d7da91260b339788dbfd0203323ec33?s=96&d=mm&r=g","caption":"Rociclei"},"sameAs":["http:\/\/www.polifoniaperiferica.com.br"],"url":"https:\/\/www.polifoniaperiferica.com.br\/?author=2"}]}},"_links":{"self":[{"href":"https:\/\/www.polifoniaperiferica.com.br\/index.php?rest_route=\/wp\/v2\/posts\/25766","targetHints":{"allow":["GET"]}}],"collection":[{"href":"https:\/\/www.polifoniaperiferica.com.br\/index.php?rest_route=\/wp\/v2\/posts"}],"about":[{"href":"https:\/\/www.polifoniaperiferica.com.br\/index.php?rest_route=\/wp\/v2\/types\/post"}],"author":[{"embeddable":true,"href":"https:\/\/www.polifoniaperiferica.com.br\/index.php?rest_route=\/wp\/v2\/users\/2"}],"replies":[{"embeddable":true,"href":"https:\/\/www.polifoniaperiferica.com.br\/index.php?rest_route=%2Fwp%2Fv2%2Fcomments&post=25766"}],"version-history":[{"count":1,"href":"https:\/\/www.polifoniaperiferica.com.br\/index.php?rest_route=\/wp\/v2\/posts\/25766\/revisions"}],"predecessor-version":[{"id":25768,"href":"https:\/\/www.polifoniaperiferica.com.br\/index.php?rest_route=\/wp\/v2\/posts\/25766\/revisions\/25768"}],"wp:featuredmedia":[{"embeddable":true,"href":"https:\/\/www.polifoniaperiferica.com.br\/index.php?rest_route=\/wp\/v2\/media\/25767"}],"wp:attachment":[{"href":"https:\/\/www.polifoniaperiferica.com.br\/index.php?rest_route=%2Fwp%2Fv2%2Fmedia&parent=25766"}],"wp:term":[{"taxonomy":"category","embeddable":true,"href":"https:\/\/www.polifoniaperiferica.com.br\/index.php?rest_route=%2Fwp%2Fv2%2Fcategories&post=25766"},{"taxonomy":"post_tag","embeddable":true,"href":"https:\/\/www.polifoniaperiferica.com.br\/index.php?rest_route=%2Fwp%2Fv2%2Ftags&post=25766"}],"curies":[{"name":"wp","href":"https:\/\/api.w.org\/{rel}","templated":true}]}}