{"id":25019,"date":"2016-12-05T15:45:03","date_gmt":"2016-12-05T15:45:03","guid":{"rendered":"http:\/\/www.polifoniaperiferica.com.br\/?p=25019"},"modified":"2016-12-05T15:49:19","modified_gmt":"2016-12-05T15:49:19","slug":"emicida-homenageia-sua-ancestralidade-em-clipe-de-mandume","status":"publish","type":"post","link":"https:\/\/www.polifoniaperiferica.com.br\/?p=25019","title":{"rendered":"Emicida homenageia sua ancestralidade em clipe de \u201cMandume\u201d"},"content":{"rendered":"<p style=\"text-align: center;\"><em>V\u00eddeo, com dire\u00e7\u00e3o de Gabi Jacob, est\u00e1 dispon\u00edvel no canal do m\u00fasico na Vevo<\/em><\/p>\n<p dir=\"ltr\" style=\"text-align: justify;\">Para contar em clipe a hist\u00f3ria do rei angolano Mandume, que retrata na m\u00fasica hom\u00f4nima, do disco \u201cSobre Crian\u00e7as, Quadris, Pesadelos e Li\u00e7\u00f5es Casa\u201d, Emicida resgatou a sua ancestralidade em uma homenagem a \u201cMandumes\u201d da atualidade.<\/p>\n<div dir=\"ltr\" style=\"text-align: justify;\">Em v\u00eddeo com dire\u00e7\u00e3o de Gabi Jacob est\u00e3o ativistas, modelos, cantores, poetas, dan\u00e7arinos e empres\u00e1rios, al\u00e9m dos artistas que participam na m\u00fasica _Rico Dalasam, Muzzike, Drik Barbosa, Amiri e Raph\u00e3o Alaafin.<\/div>\n<p style=\"text-align: justify;\">\u201cA hist\u00f3ria de \u2018Mandume\u2019 fala sobre resistir e vencer. Esses pontos s\u00e3o comuns na vida de muitos brasileiros e brasileiras. Todos os dias, h\u00e1 tempos, o que fazemos \u00e9 sacudir a poeira e dar a volta por cima. Tenho um sonho antigo, de a TV e o entretenimento em geral serem um espelho das cal\u00e7adas. Sempre produzimos v\u00eddeos pensando nisso, e \u2018Mandume\u2019, com a Gabi Jacob, vem na mesma pegada. Estou muito feliz por cada uma das participa\u00e7\u00f5es no projeto, cada uma das pessoas ali \u00e9 um universo de criatividade e for\u00e7a incr\u00edvel, trazendo uma homenagem \u00e0 altura ao grande rei Mandume e a cada um dos que resistem dia ap\u00f3s dia nas ruas desse mund\u00e3o\u201d, diz Emicida.<\/p>\n<div dir=\"ltr\" style=\"text-align: justify;\">\n<p>O elenco conta com Akins Kinte, Augusto Oliveira, Beatriz Natalia, Bianca Martins, Catarina Tenorio, Danilo Gomes, David Leonardo Adeleye, Edmauro Teixeira (Coc\u00e3o), Elimar Santos, Elizandra Batista, Eric Garcia, Esther Maciel, Genize Ribeiro, Guilherme Assi, Guilherme Guedes, Guilherme Melo, Isabella Alves, Jane Batisti, Jonathas Barreto,Karina Nascimento, Karol de Souza, Kelen Lima, Kevin Alexsander, Keyson Adriel, Levi Novaes, Lidia Tahys, Loo Nascimento, Lucas Gonzaga, Luis Guilherme Rodrigues, Lyla Arruda, Maisa Gomes, Marcellus da Silva, Mariana Nakano, Matheus Santos, Maythe David, Mel Duarte, Nerida Cocamaro, Paulo Oliveira, Rafael Coura, Rafael Silva, Raphael de Jesus Fidelis, Rayane Carmo, Rayssa Santana, Regiany Silva, Rodrigo Somalia, Roselly Gon\u00e7alves, Semayat Oliveira, Simone Nunes, Stefanie Ribeiro, Stephanie Esposito, Suyane Bento, Uilhisson Braga, Ulisses Lima, Val\u00e9ria Nassif, Val\u00e9ria Santos, Victor Ferrari, Vilmar de Souza, Vinicius Ferrari, Vinicius Oliveira, Wesley Mato dos Santos.<\/p>\n<\/div>\n<div dir=\"ltr\">\n<p>Outros nomes s\u00e3o homenageados em retratos que aparecem ao longo do v\u00eddeo.&nbsp;O clipe ganhou ares de fashion film, j\u00e1 que todo o elenco veste pe\u00e7as da nova cole\u00e7\u00e3o da Lab, \u201cYasuke\u201d, apresentada na mais recente edi\u00e7\u00e3o do SPFW em um desfile hist\u00f3rico.<\/p>\n<\/div>\n<div dir=\"ltr\">FICHA T\u00c9CNICA<\/div>\n<div dir=\"ltr\">M\u00fasica:<br \/>\nVoz: Emicida<br \/>\nParticipa\u00e7\u00f5es especiais: Drik Barbosa\/Rico Dalasam\/Amiri\/Raph\u00e3o Alaafin\/Muzzike<br \/>\nArranjador: Rafael Tudesco<br \/>\nCoro incidental: Fatt\u00fa Djakit\u00e9<br \/>\nPercuss\u00e3o: Ndu Carlos, Carlos Caf\u00e9 e Julio C\u00e9sar<br \/>\nPrograma\u00e7\u00f5es: Rafael Tudesco e Emicida<br \/>\nSamples: Rafael Tudesco<br \/>\nVoz (crian\u00e7a): Raul Ferreira<br \/>\nGravado no Mixnova est\u00fadio com Maur\u00edcio Cers\u00f3simo e Alejandra Luciani e Kapital Est\u00fadios (Cabo Verde)V\u00eddeo:<br \/>\nDire\u00e7\u00e3o: Gabi Jacob<br \/>\nAssistente de dire\u00e7\u00e3o: Vinicius Ferrari<br \/>\nEdi\u00e7\u00e3o: Daniel Santi<br \/>\nFinaliza\u00e7\u00e3o: Henrique Reganatti (Zumbi Post)<br \/>\nProdu\u00e7\u00e3o executiva: Raissa Fumagalli<br \/>\nProdu\u00e7\u00e3o: Rotina<br \/>\nProdutores: Victor Ferrari, Daniel Santi e Bruna Melo<br \/>\nFotografia: Alexandre Elayu<br \/>\nAssistente de c\u00e2mera: Bernardo Nielsen<br \/>\nLogger: Beatriz dos Reis<br \/>\nGaffer: Hugo Nyerges<br \/>\nMaquinaria: Orlando Jesus<br \/>\nAssistente de maquinaria: Nevisson Ribeiro<br \/>\nAssistente de el\u00e9trica: Renato Lelis<br \/>\nFigurino: Marina Santa Helena<br \/>\nCamareira: Eliana Amaral Jorge<br \/>\nBeleza: Marcos Costa<br \/>\nAssistente de beleza: Thiago Bjork<\/div>\n<div dir=\"ltr\" style=\"text-align: justify;\">Elenco geral: Akins Kinte, Augusto Oliveira, Beatriz Natalia,Bianca Martins, Catarina Tenorio, Danilo Gomes, David Leonardo Adeleye, Edmauro Teixeira (Coc\u00e3o), Elimar Santos, Elizandra Batista, Eric Garcia, Esther Maciel, Genize Ribeiro, Guilherme Assi, Guilherme Guedes, Guilherme Melo, Isabella Alves, Jane Batisti, Jonathas Barreto,Karina Nascimento, Karol de Souza, Kelen Lima, Kevin Alexsander, Keyson Adriel, Levi Novaes, Lidia Tahys, Loo Nascimento, Lucas Gonzaga, Luis Guilherme Rodrigues, Lyla Arruda, Maisa Gomes, Marcellus da Silva, Mariana Nakano, Matheus Santos, Maythe David, Mel Duarte, Nerida Cocamaro, Paulo Oliveira, Rafael Coura, Rafael Silva, Raphael de Jesus Fidelis, Rayane Carmo, Rayssa Santana, Regiany Silva, Rodrigo Somalia, Roselly Gon\u00e7alves, Semayat Oliveira, Simone Nunes, Stefanie Ribeiro, Stephanie Esposito, Suyane Bento, Uilhisson Braga, Ulisses Lima, Val\u00e9ria Nassif, Val\u00e9ria Santos, Victor Ferrari, Vilmar de Souza, Vinicius Ferrari, Vinicius Oliveira, Wesley Mato dos Santos.<\/div>\n<p dir=\"ltr\">Retratos: Elza Soares, Leci Brand\u00e3o, Eliane Dias, Tha\u00edde, Black Alien, Rael, Rappin Hood, Fi\u00f3ti, Nayara Justino, Ellen Ol\u00e9ria, Kamau e Nouve.<\/p>\n<p dir=\"ltr\" style=\"text-align: justify;\">Agradecimentos: Lojas Renner, Padaria Real, Banca Real, Fernanda Ramone, Barbara Trugillo, Bruna Sousa, Giulia Peveralli (Instituto Criar), Jo\u00e3o Gorski (Casa da Luz), Juliana Vicente (Preta Port\u00ea Filmes), Studio Slum Bounce, Vanessa Barbara, Tamara Nascimento e Of\u00e1 B\u00e9min. &nbsp;&nbsp;<\/p>\n<div dir=\"ltr\">Poema final: &#8220;Mandume&#8221; por Mel Duarte.<br \/>\nUma produ\u00e7\u00e3o Laborat\u00f3rio Fantasma<br \/>\n\u00a9Todos os direitos reservados a Laborat\u00f3rio Fantasma Produ\u00e7\u00f5es<\/div>\n<p><iframe loading=\"lazy\" src=\"https:\/\/www.youtube.com\/embed\/mC_vrzqYfQc\" width=\"560\" height=\"315\" frameborder=\"0\" allowfullscreen=\"allowfullscreen\"><\/iframe><\/p>\n","protected":false},"excerpt":{"rendered":"<p>V\u00eddeo, com dire\u00e7\u00e3o de Gabi Jacob, est\u00e1 dispon\u00edvel no canal do m\u00fasico na Vevo Para<\/p>\n","protected":false},"author":2,"featured_media":25020,"comment_status":"open","ping_status":"open","sticky":false,"template":"","format":"standard","meta":{"_monsterinsights_skip_tracking":false,"ngg_post_thumbnail":0,"footnotes":""},"categories":[1],"tags":[250,303,5178,152,1395],"class_list":["post-25019","post","type-post","status-publish","format-standard","has-post-thumbnail","hentry","category-saindo-do-forno","tag-akins-kinte","tag-emicida","tag-mandume","tag-mel-duarte","tag-raphao-alaafin"],"yoast_head":"<!-- This site is optimized with the Yoast SEO plugin v28.3 - https:\/\/yoast.com\/product\/yoast-seo-wordpress\/ -->\n<title>Emicida homenageia sua ancestralidade em clipe de \u201cMandume\u201d - Polifonia Perif\u00e9rica<\/title>\n<meta name=\"robots\" content=\"index, follow, max-snippet:-1, max-image-preview:large, max-video-preview:-1\" \/>\n<link rel=\"canonical\" href=\"https:\/\/www.polifoniaperiferica.com.br\/?p=25019\" \/>\n<meta property=\"og:locale\" content=\"pt_BR\" \/>\n<meta property=\"og:type\" content=\"article\" \/>\n<meta property=\"og:title\" content=\"Emicida homenageia sua ancestralidade em clipe de \u201cMandume\u201d - Polifonia Perif\u00e9rica\" \/>\n<meta property=\"og:description\" content=\"V\u00eddeo, com dire\u00e7\u00e3o de Gabi Jacob, est\u00e1 dispon\u00edvel no canal do m\u00fasico na Vevo Para\" \/>\n<meta property=\"og:url\" content=\"https:\/\/www.polifoniaperiferica.com.br\/?p=25019\" \/>\n<meta property=\"og:site_name\" content=\"Polifonia Perif\u00e9rica\" \/>\n<meta property=\"article:publisher\" content=\"https:\/\/www.facebook.com\/sitePolifoniaPeriferica\/\" \/>\n<meta property=\"article:published_time\" content=\"2016-12-05T15:45:03+00:00\" \/>\n<meta property=\"article:modified_time\" content=\"2016-12-05T15:49:19+00:00\" \/>\n<meta property=\"og:image\" content=\"https:\/\/polifoniaperiferica.com.br\/wp-content\/uploads\/2016\/12\/Emicida.jpg\" \/>\n\t<meta property=\"og:image:width\" content=\"957\" \/>\n\t<meta property=\"og:image:height\" content=\"638\" \/>\n\t<meta property=\"og:image:type\" content=\"image\/jpeg\" \/>\n<meta name=\"author\" content=\"Rociclei\" \/>\n<meta name=\"twitter:card\" content=\"summary_large_image\" \/>\n<meta name=\"twitter:creator\" content=\"@PolifoniaP\" \/>\n<meta name=\"twitter:site\" content=\"@PolifoniaP\" \/>\n<meta name=\"twitter:label1\" content=\"Escrito por\" \/>\n\t<meta name=\"twitter:data1\" content=\"Rociclei\" \/>\n\t<meta name=\"twitter:label2\" content=\"Est. tempo de leitura\" \/>\n\t<meta name=\"twitter:data2\" content=\"4 minutos\" \/>\n<script type=\"application\/ld+json\" class=\"yoast-schema-graph\">{\"@context\":\"https:\\\/\\\/schema.org\",\"@graph\":[{\"@type\":\"Article\",\"@id\":\"https:\\\/\\\/www.polifoniaperiferica.com.br\\\/?p=25019#article\",\"isPartOf\":{\"@id\":\"https:\\\/\\\/www.polifoniaperiferica.com.br\\\/?p=25019\"},\"author\":{\"name\":\"Rociclei\",\"@id\":\"https:\\\/\\\/www.polifoniaperiferica.com.br\\\/#\\\/schema\\\/person\\\/d0f20895493aadce1517b426a22855dc\"},\"headline\":\"Emicida homenageia sua ancestralidade em clipe de \u201cMandume\u201d\",\"datePublished\":\"2016-12-05T15:45:03+00:00\",\"dateModified\":\"2016-12-05T15:49:19+00:00\",\"mainEntityOfPage\":{\"@id\":\"https:\\\/\\\/www.polifoniaperiferica.com.br\\\/?p=25019\"},\"wordCount\":795,\"commentCount\":0,\"publisher\":{\"@id\":\"https:\\\/\\\/www.polifoniaperiferica.com.br\\\/#organization\"},\"image\":{\"@id\":\"https:\\\/\\\/www.polifoniaperiferica.com.br\\\/?p=25019#primaryimage\"},\"thumbnailUrl\":\"https:\\\/\\\/polifoniaperiferica.com.br\\\/wp-content\\\/uploads\\\/2016\\\/12\\\/Emicida.jpg\",\"keywords\":[\"Akins Kint\u00ea\",\"Emicida\",\"Mandume\",\"Mel Duarte\",\"Raph\u00e3o Alaafin\"],\"articleSection\":[\"Lan\u00e7amentos\"],\"inLanguage\":\"pt-BR\",\"potentialAction\":[{\"@type\":\"CommentAction\",\"name\":\"Comment\",\"target\":[\"https:\\\/\\\/www.polifoniaperiferica.com.br\\\/?p=25019#respond\"]}]},{\"@type\":\"WebPage\",\"@id\":\"https:\\\/\\\/www.polifoniaperiferica.com.br\\\/?p=25019\",\"url\":\"https:\\\/\\\/www.polifoniaperiferica.com.br\\\/?p=25019\",\"name\":\"Emicida homenageia sua ancestralidade em clipe de \u201cMandume\u201d - Polifonia Perif\u00e9rica\",\"isPartOf\":{\"@id\":\"https:\\\/\\\/www.polifoniaperiferica.com.br\\\/#website\"},\"primaryImageOfPage\":{\"@id\":\"https:\\\/\\\/www.polifoniaperiferica.com.br\\\/?p=25019#primaryimage\"},\"image\":{\"@id\":\"https:\\\/\\\/www.polifoniaperiferica.com.br\\\/?p=25019#primaryimage\"},\"thumbnailUrl\":\"https:\\\/\\\/polifoniaperiferica.com.br\\\/wp-content\\\/uploads\\\/2016\\\/12\\\/Emicida.jpg\",\"datePublished\":\"2016-12-05T15:45:03+00:00\",\"dateModified\":\"2016-12-05T15:49:19+00:00\",\"breadcrumb\":{\"@id\":\"https:\\\/\\\/www.polifoniaperiferica.com.br\\\/?p=25019#breadcrumb\"},\"inLanguage\":\"pt-BR\",\"potentialAction\":[{\"@type\":\"ReadAction\",\"target\":[\"https:\\\/\\\/www.polifoniaperiferica.com.br\\\/?p=25019\"]}]},{\"@type\":\"ImageObject\",\"inLanguage\":\"pt-BR\",\"@id\":\"https:\\\/\\\/www.polifoniaperiferica.com.br\\\/?p=25019#primaryimage\",\"url\":\"https:\\\/\\\/polifoniaperiferica.com.br\\\/wp-content\\\/uploads\\\/2016\\\/12\\\/Emicida.jpg\",\"contentUrl\":\"https:\\\/\\\/polifoniaperiferica.com.br\\\/wp-content\\\/uploads\\\/2016\\\/12\\\/Emicida.jpg\",\"width\":957,\"height\":638,\"caption\":\"Emicida - Foto Eric Ruiz\"},{\"@type\":\"BreadcrumbList\",\"@id\":\"https:\\\/\\\/www.polifoniaperiferica.com.br\\\/?p=25019#breadcrumb\",\"itemListElement\":[{\"@type\":\"ListItem\",\"position\":1,\"name\":\"In\u00edcio\",\"item\":\"https:\\\/\\\/www.polifoniaperiferica.com.br\\\/\"},{\"@type\":\"ListItem\",\"position\":2,\"name\":\"Emicida homenageia sua ancestralidade em clipe de \u201cMandume\u201d\"}]},{\"@type\":\"WebSite\",\"@id\":\"https:\\\/\\\/www.polifoniaperiferica.com.br\\\/#website\",\"url\":\"https:\\\/\\\/www.polifoniaperiferica.com.br\\\/\",\"name\":\"Polifonia Perif\u00e9rica\",\"description\":\"Vozes que Ecoam, Artes que Transformam\",\"publisher\":{\"@id\":\"https:\\\/\\\/www.polifoniaperiferica.com.br\\\/#organization\"},\"potentialAction\":[{\"@type\":\"SearchAction\",\"target\":{\"@type\":\"EntryPoint\",\"urlTemplate\":\"https:\\\/\\\/www.polifoniaperiferica.com.br\\\/?s={search_term_string}\"},\"query-input\":{\"@type\":\"PropertyValueSpecification\",\"valueRequired\":true,\"valueName\":\"search_term_string\"}}],\"inLanguage\":\"pt-BR\"},{\"@type\":\"Organization\",\"@id\":\"https:\\\/\\\/www.polifoniaperiferica.com.br\\\/#organization\",\"name\":\"Polifonia Perif\u00e9rica\",\"url\":\"https:\\\/\\\/www.polifoniaperiferica.com.br\\\/\",\"logo\":{\"@type\":\"ImageObject\",\"inLanguage\":\"pt-BR\",\"@id\":\"https:\\\/\\\/www.polifoniaperiferica.com.br\\\/#\\\/schema\\\/logo\\\/image\\\/\",\"url\":\"https:\\\/\\\/polifoniaperiferica.com.br\\\/wp-content\\\/uploads\\\/2016\\\/06\\\/Polifonia-Periferica.jpg\",\"contentUrl\":\"https:\\\/\\\/polifoniaperiferica.com.br\\\/wp-content\\\/uploads\\\/2016\\\/06\\\/Polifonia-Periferica.jpg\",\"width\":855,\"height\":373,\"caption\":\"Polifonia Perif\u00e9rica\"},\"image\":{\"@id\":\"https:\\\/\\\/www.polifoniaperiferica.com.br\\\/#\\\/schema\\\/logo\\\/image\\\/\"},\"sameAs\":[\"https:\\\/\\\/www.facebook.com\\\/sitePolifoniaPeriferica\\\/\",\"https:\\\/\\\/x.com\\\/PolifoniaP\",\"https:\\\/\\\/www.instagram.com\\\/polifoniaperiferica\"]},{\"@type\":\"Person\",\"@id\":\"https:\\\/\\\/www.polifoniaperiferica.com.br\\\/#\\\/schema\\\/person\\\/d0f20895493aadce1517b426a22855dc\",\"name\":\"Rociclei\",\"image\":{\"@type\":\"ImageObject\",\"inLanguage\":\"pt-BR\",\"@id\":\"https:\\\/\\\/secure.gravatar.com\\\/avatar\\\/9f529ac0e773653834d07ab3cab421a15d7da91260b339788dbfd0203323ec33?s=96&d=mm&r=g\",\"url\":\"https:\\\/\\\/secure.gravatar.com\\\/avatar\\\/9f529ac0e773653834d07ab3cab421a15d7da91260b339788dbfd0203323ec33?s=96&d=mm&r=g\",\"contentUrl\":\"https:\\\/\\\/secure.gravatar.com\\\/avatar\\\/9f529ac0e773653834d07ab3cab421a15d7da91260b339788dbfd0203323ec33?s=96&d=mm&r=g\",\"caption\":\"Rociclei\"},\"sameAs\":[\"http:\\\/\\\/www.polifoniaperiferica.com.br\"],\"url\":\"https:\\\/\\\/www.polifoniaperiferica.com.br\\\/?author=2\"}]}<\/script>\n<!-- \/ Yoast SEO plugin. -->","yoast_head_json":{"title":"Emicida homenageia sua ancestralidade em clipe de \u201cMandume\u201d - Polifonia Perif\u00e9rica","robots":{"index":"index","follow":"follow","max-snippet":"max-snippet:-1","max-image-preview":"max-image-preview:large","max-video-preview":"max-video-preview:-1"},"canonical":"https:\/\/www.polifoniaperiferica.com.br\/?p=25019","og_locale":"pt_BR","og_type":"article","og_title":"Emicida homenageia sua ancestralidade em clipe de \u201cMandume\u201d - Polifonia Perif\u00e9rica","og_description":"V\u00eddeo, com dire\u00e7\u00e3o de Gabi Jacob, est\u00e1 dispon\u00edvel no canal do m\u00fasico na Vevo Para","og_url":"https:\/\/www.polifoniaperiferica.com.br\/?p=25019","og_site_name":"Polifonia Perif\u00e9rica","article_publisher":"https:\/\/www.facebook.com\/sitePolifoniaPeriferica\/","article_published_time":"2016-12-05T15:45:03+00:00","article_modified_time":"2016-12-05T15:49:19+00:00","og_image":[{"width":957,"height":638,"url":"https:\/\/polifoniaperiferica.com.br\/wp-content\/uploads\/2016\/12\/Emicida.jpg","type":"image\/jpeg"}],"author":"Rociclei","twitter_card":"summary_large_image","twitter_creator":"@PolifoniaP","twitter_site":"@PolifoniaP","twitter_misc":{"Escrito por":"Rociclei","Est. tempo de leitura":"4 minutos"},"schema":{"@context":"https:\/\/schema.org","@graph":[{"@type":"Article","@id":"https:\/\/www.polifoniaperiferica.com.br\/?p=25019#article","isPartOf":{"@id":"https:\/\/www.polifoniaperiferica.com.br\/?p=25019"},"author":{"name":"Rociclei","@id":"https:\/\/www.polifoniaperiferica.com.br\/#\/schema\/person\/d0f20895493aadce1517b426a22855dc"},"headline":"Emicida homenageia sua ancestralidade em clipe de \u201cMandume\u201d","datePublished":"2016-12-05T15:45:03+00:00","dateModified":"2016-12-05T15:49:19+00:00","mainEntityOfPage":{"@id":"https:\/\/www.polifoniaperiferica.com.br\/?p=25019"},"wordCount":795,"commentCount":0,"publisher":{"@id":"https:\/\/www.polifoniaperiferica.com.br\/#organization"},"image":{"@id":"https:\/\/www.polifoniaperiferica.com.br\/?p=25019#primaryimage"},"thumbnailUrl":"https:\/\/polifoniaperiferica.com.br\/wp-content\/uploads\/2016\/12\/Emicida.jpg","keywords":["Akins Kint\u00ea","Emicida","Mandume","Mel Duarte","Raph\u00e3o Alaafin"],"articleSection":["Lan\u00e7amentos"],"inLanguage":"pt-BR","potentialAction":[{"@type":"CommentAction","name":"Comment","target":["https:\/\/www.polifoniaperiferica.com.br\/?p=25019#respond"]}]},{"@type":"WebPage","@id":"https:\/\/www.polifoniaperiferica.com.br\/?p=25019","url":"https:\/\/www.polifoniaperiferica.com.br\/?p=25019","name":"Emicida homenageia sua ancestralidade em clipe de \u201cMandume\u201d - Polifonia Perif\u00e9rica","isPartOf":{"@id":"https:\/\/www.polifoniaperiferica.com.br\/#website"},"primaryImageOfPage":{"@id":"https:\/\/www.polifoniaperiferica.com.br\/?p=25019#primaryimage"},"image":{"@id":"https:\/\/www.polifoniaperiferica.com.br\/?p=25019#primaryimage"},"thumbnailUrl":"https:\/\/polifoniaperiferica.com.br\/wp-content\/uploads\/2016\/12\/Emicida.jpg","datePublished":"2016-12-05T15:45:03+00:00","dateModified":"2016-12-05T15:49:19+00:00","breadcrumb":{"@id":"https:\/\/www.polifoniaperiferica.com.br\/?p=25019#breadcrumb"},"inLanguage":"pt-BR","potentialAction":[{"@type":"ReadAction","target":["https:\/\/www.polifoniaperiferica.com.br\/?p=25019"]}]},{"@type":"ImageObject","inLanguage":"pt-BR","@id":"https:\/\/www.polifoniaperiferica.com.br\/?p=25019#primaryimage","url":"https:\/\/polifoniaperiferica.com.br\/wp-content\/uploads\/2016\/12\/Emicida.jpg","contentUrl":"https:\/\/polifoniaperiferica.com.br\/wp-content\/uploads\/2016\/12\/Emicida.jpg","width":957,"height":638,"caption":"Emicida - Foto Eric Ruiz"},{"@type":"BreadcrumbList","@id":"https:\/\/www.polifoniaperiferica.com.br\/?p=25019#breadcrumb","itemListElement":[{"@type":"ListItem","position":1,"name":"In\u00edcio","item":"https:\/\/www.polifoniaperiferica.com.br\/"},{"@type":"ListItem","position":2,"name":"Emicida homenageia sua ancestralidade em clipe de \u201cMandume\u201d"}]},{"@type":"WebSite","@id":"https:\/\/www.polifoniaperiferica.com.br\/#website","url":"https:\/\/www.polifoniaperiferica.com.br\/","name":"Polifonia Perif\u00e9rica","description":"Vozes que Ecoam, Artes que Transformam","publisher":{"@id":"https:\/\/www.polifoniaperiferica.com.br\/#organization"},"potentialAction":[{"@type":"SearchAction","target":{"@type":"EntryPoint","urlTemplate":"https:\/\/www.polifoniaperiferica.com.br\/?s={search_term_string}"},"query-input":{"@type":"PropertyValueSpecification","valueRequired":true,"valueName":"search_term_string"}}],"inLanguage":"pt-BR"},{"@type":"Organization","@id":"https:\/\/www.polifoniaperiferica.com.br\/#organization","name":"Polifonia Perif\u00e9rica","url":"https:\/\/www.polifoniaperiferica.com.br\/","logo":{"@type":"ImageObject","inLanguage":"pt-BR","@id":"https:\/\/www.polifoniaperiferica.com.br\/#\/schema\/logo\/image\/","url":"https:\/\/polifoniaperiferica.com.br\/wp-content\/uploads\/2016\/06\/Polifonia-Periferica.jpg","contentUrl":"https:\/\/polifoniaperiferica.com.br\/wp-content\/uploads\/2016\/06\/Polifonia-Periferica.jpg","width":855,"height":373,"caption":"Polifonia Perif\u00e9rica"},"image":{"@id":"https:\/\/www.polifoniaperiferica.com.br\/#\/schema\/logo\/image\/"},"sameAs":["https:\/\/www.facebook.com\/sitePolifoniaPeriferica\/","https:\/\/x.com\/PolifoniaP","https:\/\/www.instagram.com\/polifoniaperiferica"]},{"@type":"Person","@id":"https:\/\/www.polifoniaperiferica.com.br\/#\/schema\/person\/d0f20895493aadce1517b426a22855dc","name":"Rociclei","image":{"@type":"ImageObject","inLanguage":"pt-BR","@id":"https:\/\/secure.gravatar.com\/avatar\/9f529ac0e773653834d07ab3cab421a15d7da91260b339788dbfd0203323ec33?s=96&d=mm&r=g","url":"https:\/\/secure.gravatar.com\/avatar\/9f529ac0e773653834d07ab3cab421a15d7da91260b339788dbfd0203323ec33?s=96&d=mm&r=g","contentUrl":"https:\/\/secure.gravatar.com\/avatar\/9f529ac0e773653834d07ab3cab421a15d7da91260b339788dbfd0203323ec33?s=96&d=mm&r=g","caption":"Rociclei"},"sameAs":["http:\/\/www.polifoniaperiferica.com.br"],"url":"https:\/\/www.polifoniaperiferica.com.br\/?author=2"}]}},"_links":{"self":[{"href":"https:\/\/www.polifoniaperiferica.com.br\/index.php?rest_route=\/wp\/v2\/posts\/25019","targetHints":{"allow":["GET"]}}],"collection":[{"href":"https:\/\/www.polifoniaperiferica.com.br\/index.php?rest_route=\/wp\/v2\/posts"}],"about":[{"href":"https:\/\/www.polifoniaperiferica.com.br\/index.php?rest_route=\/wp\/v2\/types\/post"}],"author":[{"embeddable":true,"href":"https:\/\/www.polifoniaperiferica.com.br\/index.php?rest_route=\/wp\/v2\/users\/2"}],"replies":[{"embeddable":true,"href":"https:\/\/www.polifoniaperiferica.com.br\/index.php?rest_route=%2Fwp%2Fv2%2Fcomments&post=25019"}],"version-history":[{"count":2,"href":"https:\/\/www.polifoniaperiferica.com.br\/index.php?rest_route=\/wp\/v2\/posts\/25019\/revisions"}],"predecessor-version":[{"id":25022,"href":"https:\/\/www.polifoniaperiferica.com.br\/index.php?rest_route=\/wp\/v2\/posts\/25019\/revisions\/25022"}],"wp:featuredmedia":[{"embeddable":true,"href":"https:\/\/www.polifoniaperiferica.com.br\/index.php?rest_route=\/wp\/v2\/media\/25020"}],"wp:attachment":[{"href":"https:\/\/www.polifoniaperiferica.com.br\/index.php?rest_route=%2Fwp%2Fv2%2Fmedia&parent=25019"}],"wp:term":[{"taxonomy":"category","embeddable":true,"href":"https:\/\/www.polifoniaperiferica.com.br\/index.php?rest_route=%2Fwp%2Fv2%2Fcategories&post=25019"},{"taxonomy":"post_tag","embeddable":true,"href":"https:\/\/www.polifoniaperiferica.com.br\/index.php?rest_route=%2Fwp%2Fv2%2Ftags&post=25019"}],"curies":[{"name":"wp","href":"https:\/\/api.w.org\/{rel}","templated":true}]}}